{"id":5743,"date":"2014-11-04T23:30:08","date_gmt":"2014-11-04T23:30:08","guid":{"rendered":"http:\/\/www.ecuadoraldia.com.ec\/?p=5743"},"modified":"2014-11-04T23:30:08","modified_gmt":"2014-11-04T23:30:08","slug":"ecuador-recuso-a-arbitros-en-pleito-internacional-con-chevron","status":"publish","type":"post","link":"https:\/\/www.ecuadoraldia.com.ec\/?p=5743","title":{"rendered":"Ecuador recus\u00f3 a \u00e1rbitros en pleito internacional con Chevron"},"content":{"rendered":"<p><a href=\"http:\/\/www.ecuadoraldia.com.ec\/wp-content\/uploads\/2014\/11\/chev.jpg\"><img loading=\"lazy\" decoding=\"async\" class=\"alignleft size-medium wp-image-5744\" src=\"http:\/\/www.ecuadoraldia.com.ec\/wp-content\/uploads\/2014\/11\/chev-300x198.jpg\" alt=\"chev\" width=\"300\" height=\"198\" srcset=\"https:\/\/www.ecuadoraldia.com.ec\/wp-content\/uploads\/2014\/11\/chev-300x198.jpg 300w, https:\/\/www.ecuadoraldia.com.ec\/wp-content\/uploads\/2014\/11\/chev.jpg 450w\" sizes=\"(max-width: 300px) 100vw, 300px\" \/><\/a>Agencia AFP. Ecuador recus\u00f3 a los \u00e1rbitros del proceso que inici\u00f3 en su contra Chevron, la petrolera estadounidense que rechaza una millonaria condena por da\u00f1os ambientales en la Amazon\u00eda, dijo a la AFP el procurador del Estado, Diego Garc\u00eda.<\/p>\n<p>\u00abEcuador ha pedido la recusaci\u00f3n, ha pedido a los \u00e1rbitros que se retiren y est\u00e1 pidiendo a la Corte Permanente de Arbitraje de La Haya que resuelva la recusaci\u00f3n de los \u00e1rbitros porque considera que en este momento no est\u00e1n en condiciones de seguir manejando el proceso\u00bb, dijo Garc\u00eda en una entrevista con la AFP previa a la visita que emprendi\u00f3 este martes a Estados Unidos.<\/p>\n<p>Chevron plante\u00f3 en 2009 un arbitraje internacional contra Ecuador, a ra\u00edz del juicio por da\u00f1os ambientales por el que fue finalmente condenada a pagar 9.500 millones de d\u00f3lares el a\u00f1o pasado en el pa\u00eds sudamericano.<\/p>\n<p>La petrolera, que tilda de \u00abfraudulenta e ileg\u00edtima\u00bb la decisi\u00f3n de las cortes ecuatorianas, intenta demostrar que le fue negado el derecho a la justicia y propone que el Estado asuma la millonaria indemnizaci\u00f3n a los ind\u00edgenas y pobladores que denunciaron el da\u00f1o ambiental hace 21 a\u00f1os.<\/p>\n<p>\u00abEcuador ha logrado demostrar en su pedido de recusaci\u00f3n que existe un patr\u00f3n de conducta del tribunal (de arbitraje) en contra de Ecuador. No es que estamos en contra de una determinada decisi\u00f3n, pero cuando un tribunal no resuelve las peticiones de una parte de forma constante, entonces se demuestra que ese tribunal no est\u00e1 en capacidad de resolver las peticiones que le hace una de las partes\u00bb, opin\u00f3 el procurador.<\/p>\n<p>El tribunal est\u00e1 conformado por dos arbitros ingleses y un argentino.<\/p>\n<p>Chevron inici\u00f3 el proceso de arbitraje alegando una violaci\u00f3n al Tratado Bilateral de Protecci\u00f3n de Inversiones (TBI) con Estados Unidos.<\/p>\n<p>La procuradur\u00eda insiste en que ese acuerdo empez\u00f3 a regir en 1997, despu\u00e9s de la salida de Texaco del mercado ecuatoriano en 1990.<\/p>\n<p>Chevron compr\u00f3 Texaco, que se convirti\u00f3 en su filial en 2001, y por eso es la firma que responde en este caso ante la justicia ecuatoriana.<\/p>\n<p>\u00abEcuador va a agotar las v\u00edas judiciales antes de tomar cualquier otra decisi\u00f3n. Pero el primer escenario que vemos es el de la anulaci\u00f3n\u00bb del proceso, dijo Garc\u00eda.<\/p>\n<p>Chevron asegura que Texaco cumpli\u00f3 con la reparaci\u00f3n ambiental que le correspond\u00eda y que el da\u00f1o es responsabilidad de la petrolera estatal Petroecuador, con la que oper\u00f3 en consorcio, y exhibe como prueba un acuerdo de liberaci\u00f3n de responsabilidades suscrito en la \u00e9poca.<\/p>\n","protected":false},"excerpt":{"rendered":"<p>Agencia AFP. Ecuador recus\u00f3 a los \u00e1rbitros del proceso que inici\u00f3 en su contra Chevron, la petrolera estadounidense que rechaza<\/p>\n","protected":false},"author":1,"featured_media":0,"comment_status":"open","ping_status":"open","sticky":false,"template":"","format":"standard","meta":{"footnotes":""},"categories":[7],"tags":[],"_links":{"self":[{"href":"https:\/\/www.ecuadoraldia.com.ec\/index.php?rest_route=\/wp\/v2\/posts\/5743"}],"collection":[{"href":"https:\/\/www.ecuadoraldia.com.ec\/index.php?rest_route=\/wp\/v2\/posts"}],"about":[{"href":"https:\/\/www.ecuadoraldia.com.ec\/index.php?rest_route=\/wp\/v2\/types\/post"}],"author":[{"embeddable":true,"href":"https:\/\/www.ecuadoraldia.com.ec\/index.php?rest_route=\/wp\/v2\/users\/1"}],"replies":[{"embeddable":true,"href":"https:\/\/www.ecuadoraldia.com.ec\/index.php?rest_route=%2Fwp%2Fv2%2Fcomments&post=5743"}],"version-history":[{"count":1,"href":"https:\/\/www.ecuadoraldia.com.ec\/index.php?rest_route=\/wp\/v2\/posts\/5743\/revisions"}],"predecessor-version":[{"id":5745,"href":"https:\/\/www.ecuadoraldia.com.ec\/index.php?rest_route=\/wp\/v2\/posts\/5743\/revisions\/5745"}],"wp:attachment":[{"href":"https:\/\/www.ecuadoraldia.com.ec\/index.php?rest_route=%2Fwp%2Fv2%2Fmedia&parent=5743"}],"wp:term":[{"taxonomy":"category","embeddable":true,"href":"https:\/\/www.ecuadoraldia.com.ec\/index.php?rest_route=%2Fwp%2Fv2%2Fcategories&post=5743"},{"taxonomy":"post_tag","embeddable":true,"href":"https:\/\/www.ecuadoraldia.com.ec\/index.php?rest_route=%2Fwp%2Fv2%2Ftags&post=5743"}],"curies":[{"name":"wp","href":"https:\/\/api.w.org\/{rel}","templated":true}]}}