{"id":5746,"date":"2014-11-04T23:34:15","date_gmt":"2014-11-04T23:34:15","guid":{"rendered":"http:\/\/www.ecuadoraldia.com.ec\/?p=5746"},"modified":"2014-11-04T23:34:15","modified_gmt":"2014-11-04T23:34:15","slug":"salud-educacion-agricultura-y-energia-seran-prioridad-en-el-presupuesto-del-2015","status":"publish","type":"post","link":"https:\/\/www.ecuadoraldia.com.ec\/?p=5746","title":{"rendered":"Salud, educaci\u00f3n, agricultura y energ\u00eda ser\u00e1n prioridad en el presupuesto del 2015"},"content":{"rendered":"<p><a href=\"http:\/\/www.ecuadoraldia.com.ec\/wp-content\/uploads\/2014\/11\/faustoh.jpg\"><img loading=\"lazy\" decoding=\"async\" class=\"alignleft size-medium wp-image-5747\" src=\"http:\/\/www.ecuadoraldia.com.ec\/wp-content\/uploads\/2014\/11\/faustoh-300x166.jpg\" alt=\"faustoh\" width=\"300\" height=\"166\" srcset=\"https:\/\/www.ecuadoraldia.com.ec\/wp-content\/uploads\/2014\/11\/faustoh-300x166.jpg 300w, https:\/\/www.ecuadoraldia.com.ec\/wp-content\/uploads\/2014\/11\/faustoh.jpg 612w\" sizes=\"(max-width: 300px) 100vw, 300px\" \/><\/a>El ministro de Finanzas, Fausto Herrera, justific\u00f3 las cifras que contiene la pro forma presupuestaria para el 2015, que se present\u00f3 el viernes pasado a la Asamblea Nacional, la cual asciende a $36.317,12 millones.<\/p>\n<p>Seg\u00fan las autoridades de Estado, el monto estar\u00eda completamente financiado.<\/p>\n<p>Reiter\u00f3 que el precio del barril de petr\u00f3leo estar\u00e1 en $79,7 y que se tom\u00f3 como referencia para el presupuesto luego de varios estudios que realiz\u00f3 la Agencia de Energ\u00eda de los Estados Unidos, as\u00ed como la Organizaci\u00f3n de Pa\u00edses Exportadores de Petr\u00f3leo (OPEP).<\/p>\n<p>El ministro Herrera resalt\u00f3 el Plan Anual de Inversiones (PAI), en donde se prioriza proyectos que ya est\u00e1n en desarrollo, como las hidroel\u00e9ctricas, as\u00ed como lo que se entregar\u00e1 al sector salud, educaci\u00f3n, agricultura, entre otros, cuyo monto alcanza los $8.116.<\/p>\n<p>Tambi\u00e9n dej\u00f3 en claro que dentro de la pro forma presupuestaria para el pr\u00f3ximo a\u00f1o se elimin\u00f3 el subsidio que se ten\u00eda para el transporte urbano que ascend\u00eda a $50 millones, y solo se mantiene para el transporte interprovincial que es de $43,5 millones. \u201cEl total de subsidios en la pro forma es de $5.095 millones de los cuales $3.494,8 son por derivados de petr\u00f3leo\u201d, asever\u00f3 el funcionario.<\/p>\n<p>Precis\u00f3 que la puesta en marcha del plan de cambio de las cocinas de gas por las inducci\u00f3n no est\u00e1 contemplado como un subsidio.<\/p>\n<p>El ministro se\u00f1al\u00f3 que la deuda de Ecuador con China es de $3.600 millones. Detall\u00f3 que el desembolso llegar\u00e1 el pr\u00f3ximo a\u00f1o, de los cuales, $2.000 millones estar\u00e1n destinados a proyectos ya en proceso como los hidroel\u00e9ctricos y $1.600 millones ser\u00e1 de libre disponibilidad.<\/p>\n<p>El Pleno de la Asamblea Nacional tiene hasta el 30 de noviembre para pronunciarse sobre la propuesta del Ejecutivo, la cual deber\u00e1 ser aprobada en un solo debate con la mayor\u00eda de sus miembros, esto es 69 legisladores, de los 137 que conforman hoy la Legislatura.<\/p>\n<p>&nbsp;<\/p>\n","protected":false},"excerpt":{"rendered":"<p>El ministro de Finanzas, Fausto Herrera, justific\u00f3 las cifras que contiene la pro forma presupuestaria para el 2015, que se<\/p>\n","protected":false},"author":1,"featured_media":0,"comment_status":"open","ping_status":"open","sticky":false,"template":"","format":"standard","meta":{"footnotes":""},"categories":[1],"tags":[],"_links":{"self":[{"href":"https:\/\/www.ecuadoraldia.com.ec\/index.php?rest_route=\/wp\/v2\/posts\/5746"}],"collection":[{"href":"https:\/\/www.ecuadoraldia.com.ec\/index.php?rest_route=\/wp\/v2\/posts"}],"about":[{"href":"https:\/\/www.ecuadoraldia.com.ec\/index.php?rest_route=\/wp\/v2\/types\/post"}],"author":[{"embeddable":true,"href":"https:\/\/www.ecuadoraldia.com.ec\/index.php?rest_route=\/wp\/v2\/users\/1"}],"replies":[{"embeddable":true,"href":"https:\/\/www.ecuadoraldia.com.ec\/index.php?rest_route=%2Fwp%2Fv2%2Fcomments&post=5746"}],"version-history":[{"count":1,"href":"https:\/\/www.ecuadoraldia.com.ec\/index.php?rest_route=\/wp\/v2\/posts\/5746\/revisions"}],"predecessor-version":[{"id":5748,"href":"https:\/\/www.ecuadoraldia.com.ec\/index.php?rest_route=\/wp\/v2\/posts\/5746\/revisions\/5748"}],"wp:attachment":[{"href":"https:\/\/www.ecuadoraldia.com.ec\/index.php?rest_route=%2Fwp%2Fv2%2Fmedia&parent=5746"}],"wp:term":[{"taxonomy":"category","embeddable":true,"href":"https:\/\/www.ecuadoraldia.com.ec\/index.php?rest_route=%2Fwp%2Fv2%2Fcategories&post=5746"},{"taxonomy":"post_tag","embeddable":true,"href":"https:\/\/www.ecuadoraldia.com.ec\/index.php?rest_route=%2Fwp%2Fv2%2Ftags&post=5746"}],"curies":[{"name":"wp","href":"https:\/\/api.w.org\/{rel}","templated":true}]}}