{"id":5749,"date":"2014-11-04T23:43:40","date_gmt":"2014-11-04T23:43:40","guid":{"rendered":"http:\/\/www.ecuadoraldia.com.ec\/?p=5749"},"modified":"2014-11-04T23:43:40","modified_gmt":"2014-11-04T23:43:40","slug":"disminucion-de-especies-migratorias-es-dramatica-se-alerta-en-la-cop11","status":"publish","type":"post","link":"https:\/\/www.ecuadoraldia.com.ec\/?p=5749","title":{"rendered":"Disminuci\u00f3n de especies migratorias es \u00abdram\u00e1tica\u00bb, se alerta en la COP11"},"content":{"rendered":"<p><a href=\"http:\/\/www.ecuadoraldia.com.ec\/wp-content\/uploads\/2014\/11\/especes.jpg\"><img loading=\"lazy\" decoding=\"async\" class=\"alignleft size-medium wp-image-5750\" src=\"http:\/\/www.ecuadoraldia.com.ec\/wp-content\/uploads\/2014\/11\/especes-300x177.jpg\" alt=\"especes\" width=\"300\" height=\"177\" srcset=\"https:\/\/www.ecuadoraldia.com.ec\/wp-content\/uploads\/2014\/11\/especes-300x177.jpg 300w, https:\/\/www.ecuadoraldia.com.ec\/wp-content\/uploads\/2014\/11\/especes.jpg 310w\" sizes=\"(max-width: 300px) 100vw, 300px\" \/><\/a>EFE. Expertos reunidos en Quito alertaron este martes sobre la \u00abdisminuci\u00f3n dram\u00e1tica\u00bb de las especies migratorias debido a la p\u00e9rdida de h\u00e1bitat, el cambio clim\u00e1tico y la sobreexplotaci\u00f3n, entre otros factores.<\/p>\n<p>En la XI Convenci\u00f3n Mundial por la Portecci\u00f3n de Especies Migratorias Silvestres (CMS), conocida tambi\u00e9n como XI Conferencia de las Partes (COP 11), unos 700 delegados de 120 pa\u00edses debaten sobre la inclusi\u00f3n de 32 especies, entre ellas el oso polar, el tibur\u00f3n martillo y la mantarraya de arrecife, en los ap\u00e9ndices de la CMS.<\/p>\n<p>En la cita se busca fortalecer las medidas de conservaci\u00f3n de las especies migratorias a la luz de las crecientes amenazas a su supervivencia, entre las que se encuentran, adem\u00e1s, los delitos contra la fauna y los desechos marinos.<\/p>\n<p>Un total de 21 de las 32 especies propuestas para la inclusi\u00f3n corresponden a tiburones, rayas y peces sierra, seg\u00fan la CMS, que tambi\u00e9n busca sumar en la lista a los osos polares, que est\u00e1n \u00abliteralmente perdiendo su terreno debido al deshielo marino\u00bb.<\/p>\n<p>Seg\u00fan la experta ambientalista rusa Masha Vorontsova, que participa en la convenci\u00f3n, dos tercios de los osos polares que actualmente habitan en el C\u00edrculo Polar \u00c1rtico podr\u00edan extinguirse hacia el a\u00f1o 2050.<\/p>\n<p>Vorontsova, en una entrevista con Efe, dijo que actualmente hay entre 20.000 y 25.000 osos polares distribuidos en 19 poblaciones alrededor del \u00c1rtico, pero se\u00f1al\u00f3 que la extinci\u00f3n amenaza a la especie, que podr\u00eda finalizar este siglo con una poblaci\u00f3n \u00abmuy reducida\u00bb, seg\u00fan un c\u00e1lculo con modelos matem\u00e1ticos.<\/p>\n<p>En la cita, que concluir\u00e1 el pr\u00f3ximo domingo, tambi\u00e9n se discutir\u00e1 sobre el destino del le\u00f3n africano, \u00abque ha sufrido una disminuci\u00f3n del 30 % en las dos \u00faltimas d\u00e9cadas\u00bb, as\u00ed como de la situaci\u00f3n de las poblaciones de avutarda, una de las aves voladoras m\u00e1s grandes del mundo.<\/p>\n<p>Entre los mam\u00edferos marinos se propondr\u00e1 la inclusi\u00f3n en los ap\u00e9ndices del ballenato de cuvier, ya que se encuentra expuesto a m\u00faltiples amenazas provocadas por el hombre, seg\u00fan la CMS.<\/p>\n<p>El declive masivo de estas y otras especies motiv\u00f3 a muchos Gobiernos a reunirse en Quito para frenar la \u00abdisminuci\u00f3n dram\u00e1tica\u00bb de la fauna migratoria en todo el mundo, seg\u00fan los organizadores, que se\u00f1alan que se busca una protecci\u00f3n plena de ciertas especies, as\u00ed como animar al desarrollo de medidas de conservaci\u00f3n transfronteriza.<\/p>\n<p>Seg\u00fan la CMS, la p\u00e9rdida continua de h\u00e1bitats cr\u00edticos en los lugares de destino y a lo largo de las rutas migratorias es la causa individual m\u00e1s importante del declive de las especies migratorias.<\/p>\n<p>A ella se suman amenazas como los desechos marinos, que afectan a muchas especies migratorias acu\u00e1ticas, incluyendo mam\u00edferos marinos, tortugas, aves marinas y tiburones.<\/p>\n<p>Otras de las amenazas para las especies son la caza y comercio ilegal de animales silvestres. \u00abLos delitos contra la fauna se han estimado en un valor de entre 20.000 y 50.000 millones de d\u00f3lares anuales en todo el mundo\u00bb, seg\u00fan la CMS.<br \/>\n<iframe loading=\"lazy\" width=\"800\" height=\"450\" src=\"https:\/\/www.youtube.com\/embed\/d4wHmpRzY3s?feature=oembed\" frameborder=\"0\" allowfullscreen><\/iframe><\/p>\n<p>Apunta que los proyectos de infraestructura, como por ejemplo las carreteras y los ferrocarriles que conducen a explotaciones mineras, a menudo dividen las redes de ecosistemas de los cuales dependen los animales migratorios.<\/p>\n<p>La CMS tambi\u00e9n menciona como amenaza el despliegue de tecnolog\u00eda para explotar nuevas fuentes en busca de energ\u00eda renovable.<\/p>\n<p>\u00abHay que buscar maneras de proteger el derecho a la migraci\u00f3n de los animales para que lleguemos a respetar tal derecho como se respeta el derecho de los seres humanos a su existencia\u00bb, afirm\u00f3 la ministra de Ambiente de Ecuador, Lorena Tapia.<\/p>\n<p>\u00abEl reconocimiento de los derechos de la naturaleza proporcionar\u00eda a las especies migratorias una condici\u00f3n jur\u00eddica en los tribunales que permitir\u00eda ampliar la disponibilidad de soluciones m\u00e1s all\u00e1 de las revisiones de procedimientos, como es la pr\u00e1ctica actual\u00bb, dijo.<\/p>\n<p>Bradnee Chambers, secretario ejecutivo de la Convenci\u00f3n de Especies Migratorias de la ONU, apunt\u00f3 que la reuni\u00f3n de las partes de la CMS en Quito es para \u00abtomar acci\u00f3n\u00bb en la profundizaci\u00f3n de la protecci\u00f3n de las especies migratorias.<\/p>\n<p>Philippe Cousteau, nieto el explorador e investigador franc\u00e9s Jacques Cousteau, subray\u00f3 que la conservaci\u00f3n de las especies migratorias y los esfuerzos para protegerlas incluye la cooperaci\u00f3n internacional, pues no se les puede cuidar solo a nivel nacional.<\/p>\n<p>\u00abLos esfuerzos para proteger las especies tiene efectos positivos en la construcci\u00f3n del planeta sostenible que todos deseamos\u00bb, dijo Cousteau, quien mostr\u00f3 su especial preocupaci\u00f3n por la elevada captura anual de tiburones.<\/p>\n","protected":false},"excerpt":{"rendered":"<p>EFE. Expertos reunidos en Quito alertaron este martes sobre la \u00abdisminuci\u00f3n dram\u00e1tica\u00bb de las especies migratorias debido a la p\u00e9rdida<\/p>\n","protected":false},"author":1,"featured_media":0,"comment_status":"open","ping_status":"open","sticky":false,"template":"","format":"standard","meta":{"footnotes":""},"categories":[1],"tags":[],"_links":{"self":[{"href":"https:\/\/www.ecuadoraldia.com.ec\/index.php?rest_route=\/wp\/v2\/posts\/5749"}],"collection":[{"href":"https:\/\/www.ecuadoraldia.com.ec\/index.php?rest_route=\/wp\/v2\/posts"}],"about":[{"href":"https:\/\/www.ecuadoraldia.com.ec\/index.php?rest_route=\/wp\/v2\/types\/post"}],"author":[{"embeddable":true,"href":"https:\/\/www.ecuadoraldia.com.ec\/index.php?rest_route=\/wp\/v2\/users\/1"}],"replies":[{"embeddable":true,"href":"https:\/\/www.ecuadoraldia.com.ec\/index.php?rest_route=%2Fwp%2Fv2%2Fcomments&post=5749"}],"version-history":[{"count":1,"href":"https:\/\/www.ecuadoraldia.com.ec\/index.php?rest_route=\/wp\/v2\/posts\/5749\/revisions"}],"predecessor-version":[{"id":5751,"href":"https:\/\/www.ecuadoraldia.com.ec\/index.php?rest_route=\/wp\/v2\/posts\/5749\/revisions\/5751"}],"wp:attachment":[{"href":"https:\/\/www.ecuadoraldia.com.ec\/index.php?rest_route=%2Fwp%2Fv2%2Fmedia&parent=5749"}],"wp:term":[{"taxonomy":"category","embeddable":true,"href":"https:\/\/www.ecuadoraldia.com.ec\/index.php?rest_route=%2Fwp%2Fv2%2Fcategories&post=5749"},{"taxonomy":"post_tag","embeddable":true,"href":"https:\/\/www.ecuadoraldia.com.ec\/index.php?rest_route=%2Fwp%2Fv2%2Ftags&post=5749"}],"curies":[{"name":"wp","href":"https:\/\/api.w.org\/{rel}","templated":true}]}}