{"id":5755,"date":"2014-11-05T12:21:52","date_gmt":"2014-11-05T12:21:52","guid":{"rendered":"http:\/\/www.ecuadoraldia.com.ec\/?p=5755"},"modified":"2014-11-05T12:21:52","modified_gmt":"2014-11-05T12:21:52","slug":"vamos-a-la-primera-convencion-politica-europea-de-ciudadanos-del-mundo-en-madrid-espana","status":"publish","type":"post","link":"https:\/\/www.ecuadoraldia.com.ec\/?p=5755","title":{"rendered":"Vamos a la primera convenci\u00f3n pol\u00edtica europea de ciudadanos del Mundo en Madrid Espa\u00f1a"},"content":{"rendered":"<p><a href=\"http:\/\/www.ecuadoraldia.com.ec\/wp-content\/uploads\/2014\/11\/alicia-erazo2.jpg\"><img loading=\"lazy\" decoding=\"async\" class=\"alignleft size-medium wp-image-5756\" src=\"http:\/\/www.ecuadoraldia.com.ec\/wp-content\/uploads\/2014\/11\/alicia-erazo2-300x225.jpg\" alt=\"alicia erazo2\" width=\"300\" height=\"225\" srcset=\"https:\/\/www.ecuadoraldia.com.ec\/wp-content\/uploads\/2014\/11\/alicia-erazo2-300x225.jpg 300w, https:\/\/www.ecuadoraldia.com.ec\/wp-content\/uploads\/2014\/11\/alicia-erazo2.jpg 326w\" sizes=\"(max-width: 300px) 100vw, 300px\" \/><\/a>(Alicia Erazo).La Prensa Italiana de hace eco de este GRAN EVENTO: En los micr\u00f2fonos de Radio DirittoZero Alicia Erazo en dialogo con Simone Berardis.<br \/>\nAlicia Erazo<br \/>\nPeriodista Internacional.<br \/>\nDesde Radio DirittoZero, de Milan parte la invitaci\u00f3n para los Ciudadanos del Mundo, todos los hermanos Extranjeros, tenemos una cita el 15 de Noviembre a Madrid a la 1a. Convenci\u00f3n Politica Europea, por nuestros Derechos, es hora dr entrar en escena, una responsabilidad con la inmmigraci\u00f3n del planeta, a actuar sin compromisos politicos, la Demagogia ha traicionado tanto la voluntad, confianza y necesidad de nuestra gente.<\/p>\n<p>Una conversaci\u00f2n sobre la solidaridad feminina, se convierte inmediatamente en un atento an\u00e0lisis de la condici\u00f2n del periodismo. Ha hablarnos la periodista Alicia Erazo que a nuestros micr\u00f2fonos ha hablado con fuerza y tenacidad de su importantisimo trabajo.<\/p>\n<p>DirittoZero Profili &#8211; Alicia Erazo<br \/>\nUna conversazione sulla forza delle donne si trasforma subito in un&#8217;analisi della situazione del giornalismo oggi. Ad intrattenerci con la sua grinta e la sua storia Alicia Erazo, giornalista dinamica e sempre in prima&#8230;<\/p>\n<p>&nbsp;<\/p>\n","protected":false},"excerpt":{"rendered":"<p>(Alicia Erazo).La Prensa Italiana de hace eco de este GRAN EVENTO: En los micr\u00f2fonos de Radio DirittoZero Alicia Erazo en<\/p>\n","protected":false},"author":1,"featured_media":0,"comment_status":"open","ping_status":"open","sticky":false,"template":"","format":"standard","meta":{"footnotes":""},"categories":[1],"tags":[],"_links":{"self":[{"href":"https:\/\/www.ecuadoraldia.com.ec\/index.php?rest_route=\/wp\/v2\/posts\/5755"}],"collection":[{"href":"https:\/\/www.ecuadoraldia.com.ec\/index.php?rest_route=\/wp\/v2\/posts"}],"about":[{"href":"https:\/\/www.ecuadoraldia.com.ec\/index.php?rest_route=\/wp\/v2\/types\/post"}],"author":[{"embeddable":true,"href":"https:\/\/www.ecuadoraldia.com.ec\/index.php?rest_route=\/wp\/v2\/users\/1"}],"replies":[{"embeddable":true,"href":"https:\/\/www.ecuadoraldia.com.ec\/index.php?rest_route=%2Fwp%2Fv2%2Fcomments&post=5755"}],"version-history":[{"count":1,"href":"https:\/\/www.ecuadoraldia.com.ec\/index.php?rest_route=\/wp\/v2\/posts\/5755\/revisions"}],"predecessor-version":[{"id":5757,"href":"https:\/\/www.ecuadoraldia.com.ec\/index.php?rest_route=\/wp\/v2\/posts\/5755\/revisions\/5757"}],"wp:attachment":[{"href":"https:\/\/www.ecuadoraldia.com.ec\/index.php?rest_route=%2Fwp%2Fv2%2Fmedia&parent=5755"}],"wp:term":[{"taxonomy":"category","embeddable":true,"href":"https:\/\/www.ecuadoraldia.com.ec\/index.php?rest_route=%2Fwp%2Fv2%2Fcategories&post=5755"},{"taxonomy":"post_tag","embeddable":true,"href":"https:\/\/www.ecuadoraldia.com.ec\/index.php?rest_route=%2Fwp%2Fv2%2Ftags&post=5755"}],"curies":[{"name":"wp","href":"https:\/\/api.w.org\/{rel}","templated":true}]}}