{"id":5794,"date":"2014-11-06T11:27:51","date_gmt":"2014-11-06T11:27:51","guid":{"rendered":"http:\/\/www.ecuadoraldia.com.ec\/?p=5794"},"modified":"2014-11-06T11:27:51","modified_gmt":"2014-11-06T11:27:51","slug":"emelec-no-pudo-avanzar-a-la-siguiente-fase","status":"publish","type":"post","link":"https:\/\/www.ecuadoraldia.com.ec\/?p=5794","title":{"rendered":"Emelec no pudo avanzar a la siguiente fase"},"content":{"rendered":"<p><a href=\"http:\/\/www.ecuadoraldia.com.ec\/wp-content\/uploads\/2014\/11\/sao_paulo_emelec.jpg\"><img loading=\"lazy\" decoding=\"async\" class=\"alignleft size-medium wp-image-5795\" src=\"http:\/\/www.ecuadoraldia.com.ec\/wp-content\/uploads\/2014\/11\/sao_paulo_emelec-300x203.jpg\" alt=\"sao_paulo_emelec\" width=\"300\" height=\"203\" srcset=\"https:\/\/www.ecuadoraldia.com.ec\/wp-content\/uploads\/2014\/11\/sao_paulo_emelec-300x203.jpg 300w, https:\/\/www.ecuadoraldia.com.ec\/wp-content\/uploads\/2014\/11\/sao_paulo_emelec.jpg 768w\" sizes=\"(max-width: 300px) 100vw, 300px\" \/><\/a>Emelec super\u00f3 3-2 a Sao Paulo en el partido de vuelta, pero el marcador no fue suficiente para acceder a las semifinales de la Copa Sudamericana, ya que el conjunto brasile\u00f1o sentenci\u00f3 la serie 6-5 en el global.<\/p>\n<p>Fue notorio que los dirigidos por Gustavo Quinteros pasaron por encima al \u2018gigante\u2019 paulista, que tiene en sus filas a Kak\u00e1, Paulo Ganso, \u00c1lvaro Pereira y Rogerio Ceni; sin embargo la suerte no les acompa\u00f1\u00f3.<\/p>\n<p>Emelec control\u00f3 mejor la pelota y encim\u00f3 a un Sao Paulo que aprovech\u00f3 dos errores defensivos para anotar en la porter\u00eda de Esteban Dreer. La noche empez\u00f3 magn\u00edfica para el \u2018Ballet\u2019, que a los 21 segundos de iniciado el partido se puso en ventaja gracias a un gol de Miller Bola\u00f1os, que pesc\u00f3 un bal\u00f3n pivoteado a su espalda por \u00c1ngel Mena.<\/p>\n<p>El mediocampista ecuatoriano se meti\u00f3 en la historia de esta competici\u00f3n, tras anotar el segundo tanto m\u00e1s r\u00e1pido de la Sudamericana. Miller super\u00f3 por 19 segundos al tanto de Juan Falc\u00f3n, del Trujillanos, que en 2011 convirti\u00f3 a los 40 segundos cuando enfrentaba a Liga de Quito.<\/p>\n<p>En tanto, el gol m\u00e1s r\u00e1pido que se ha anotado en esta Copa fue obra de Evelio Hern\u00e1ndez, de Deportivo Anzo\u00e1tegui, quien a los 16 segundos le marc\u00f3 al Deportivo Quito en 2011.<\/p>\n<p>Tras ese tempranero tanto de Bola\u00f1os, el cuadro azul se apoder\u00f3 del esf\u00e9rico y control\u00f3 mejor la medular ante la floja marcaci\u00f3n de los centrales paulistas. El paraguayo Fernando Gim\u00e9nez se perdi\u00f3 la chance de ampliar la ventaja, tras un centro por derecha de Miller que el \u2018Vikingo\u2019 no pudo conectar bien de cabeza; luego, Emanuel Herrera quiso pescar el rebote dentro del \u00e1rea de Ceni, pero el zaguero Paulo Miranda estuvo presto y revent\u00f3 el bal\u00f3n.<\/p>\n<p>Cuando el conjunto \u2018el\u00e9ctrico\u2019 llegaba con m\u00e1s peligro, fue el Sao Paulo el que consigui\u00f3 igualar el marcador a los 29 minutos. El delantero Alan Kardec, de volea, dobleg\u00f3 con fuerte disparo al \u2018Rifle\u2019 Dreer. Emelec se vio obligado a salir un poco m\u00e1s y eso le cost\u00f3 caro cuando a los 41\u2019 Ganso, tras una jugada que arranc\u00f3 Kak\u00e1, decret\u00f3 la segunda. El Capwell se silenci\u00f3 por esos \u00faltimos 4\u2019 del primer tiempo y los jugadores del \u2018Bombillo\u2019 se marcharon a los camerinos cabizbajos.<\/p>\n<p>En la fase de complemento Quinteros dispuso de Marcos Mondaini y Fernando Gaibor, para sacar a Pedro Qui\u00f1\u00f3nez y el \u2018Tanque\u2019 Herrera, en ese orden. Los cambios estrat\u00e9gicos le dieron resultado al \u2018Ballet\u2019, que se acerc\u00f3 en el marcador (49\u2019). Mondaini fue derribado en el \u00e1rea y el \u00e1rbitro chileno Enrique Osses decret\u00f3 tiro penal.<\/p>\n<p>Al cobro fue Bola\u00f1os, quien con un potente tiro por debajo del arquero Ceni, puso el 2-2. Los aficionados al ver la reacci\u00f3n, volvieron a creer que la haza\u00f1a era posible.<\/p>\n<p>El \u2018Ballet\u2019 segu\u00eda buscando con el \u2018Diablo\u2019 Mondaini por la derecha y Mena en el costado izquierdo.<\/p>\n<p>En la internada del volante zurdo Pereira se barri\u00f3 y puso su mano izquierda cortando la trayectoria del bal\u00f3n. Osses no dud\u00f3 y volvi\u00f3 a se\u00f1alar el punto penal. Otra vez al cobro fue Bola\u00f1os, quien no perdon\u00f3 y mand\u00f3 la pelota al mismo lugar que en el anterior disparo.<\/p>\n<p>Con el marcador 3-2 los \u2018millonarios\u2019 se aferraron a la haza\u00f1a. Los jugadores de Quinteros intentaron a toda costa anotar un tanto m\u00e1s para forzar los penales, pero la suerte no estuvo de su lado ya que dos remates impactaron en el vertical y en el horizontal; eso adem\u00e1s de que el golero Ceni salv\u00f3 en otras dos oportunidades claras. A pesar de la eliminaci\u00f3n, Emelec demostr\u00f3 que est\u00e1 para pelear por el bicampeonato y su t\u00e9cnico as\u00ed lo ratific\u00f3.<\/p>\n<p>\u201cEn caso de no poder ganar la segunda etapa, estamos listos para jugar la final; tenemos un gran nivel\u201d, indic\u00f3 Quinteros.<\/p>\n","protected":false},"excerpt":{"rendered":"<p>Emelec super\u00f3 3-2 a Sao Paulo en el partido de vuelta, pero el marcador no fue suficiente para acceder a<\/p>\n","protected":false},"author":1,"featured_media":0,"comment_status":"open","ping_status":"open","sticky":false,"template":"","format":"standard","meta":{"footnotes":""},"categories":[10],"tags":[],"_links":{"self":[{"href":"https:\/\/www.ecuadoraldia.com.ec\/index.php?rest_route=\/wp\/v2\/posts\/5794"}],"collection":[{"href":"https:\/\/www.ecuadoraldia.com.ec\/index.php?rest_route=\/wp\/v2\/posts"}],"about":[{"href":"https:\/\/www.ecuadoraldia.com.ec\/index.php?rest_route=\/wp\/v2\/types\/post"}],"author":[{"embeddable":true,"href":"https:\/\/www.ecuadoraldia.com.ec\/index.php?rest_route=\/wp\/v2\/users\/1"}],"replies":[{"embeddable":true,"href":"https:\/\/www.ecuadoraldia.com.ec\/index.php?rest_route=%2Fwp%2Fv2%2Fcomments&post=5794"}],"version-history":[{"count":1,"href":"https:\/\/www.ecuadoraldia.com.ec\/index.php?rest_route=\/wp\/v2\/posts\/5794\/revisions"}],"predecessor-version":[{"id":5796,"href":"https:\/\/www.ecuadoraldia.com.ec\/index.php?rest_route=\/wp\/v2\/posts\/5794\/revisions\/5796"}],"wp:attachment":[{"href":"https:\/\/www.ecuadoraldia.com.ec\/index.php?rest_route=%2Fwp%2Fv2%2Fmedia&parent=5794"}],"wp:term":[{"taxonomy":"category","embeddable":true,"href":"https:\/\/www.ecuadoraldia.com.ec\/index.php?rest_route=%2Fwp%2Fv2%2Fcategories&post=5794"},{"taxonomy":"post_tag","embeddable":true,"href":"https:\/\/www.ecuadoraldia.com.ec\/index.php?rest_route=%2Fwp%2Fv2%2Ftags&post=5794"}],"curies":[{"name":"wp","href":"https:\/\/api.w.org\/{rel}","templated":true}]}}