{"id":5800,"date":"2014-11-06T12:01:27","date_gmt":"2014-11-06T12:01:27","guid":{"rendered":"http:\/\/www.ecuadoraldia.com.ec\/?p=5800"},"modified":"2014-11-06T12:01:27","modified_gmt":"2014-11-06T12:01:27","slug":"presidente-rafael-correa-visita-hoy-el-parque-nacional-yasuni","status":"publish","type":"post","link":"https:\/\/www.ecuadoraldia.com.ec\/?p=5800","title":{"rendered":"Presidente Rafael Correa visita hoy el Parque Nacional Yasun\u00ed"},"content":{"rendered":"<p><a href=\"http:\/\/www.ecuadoraldia.com.ec\/wp-content\/uploads\/2014\/11\/correa-yasuni-.jpg\"><img loading=\"lazy\" decoding=\"async\" class=\"alignleft size-medium wp-image-5801\" src=\"http:\/\/www.ecuadoraldia.com.ec\/wp-content\/uploads\/2014\/11\/correa-yasuni--300x225.jpg\" alt=\"correa-yasuni-\" width=\"300\" height=\"225\" srcset=\"https:\/\/www.ecuadoraldia.com.ec\/wp-content\/uploads\/2014\/11\/correa-yasuni--300x225.jpg 300w, https:\/\/www.ecuadoraldia.com.ec\/wp-content\/uploads\/2014\/11\/correa-yasuni-.jpg 800w\" sizes=\"(max-width: 300px) 100vw, 300px\" \/><\/a>El presidente ecuatoriano Rafael Correa visita este jueves el Parque Nacional Yasun\u00ed, ubicado entre las provincias amaz\u00f3nicas de Napo y Orellana, donde prev\u00e9 inaugurar una Unidad Educativa del Milenio (UEM).<\/p>\n<p>La agenda del mandatario incluye un recorrido en helic\u00f3ptero por el Bloque 31 y una visita a la planta de Optimizaci\u00f3n de la Generaci\u00f3n El\u00e9ctrica (OGE).<\/p>\n<p>En horas de la tarde el mandatario mantendr\u00e1 un conversatorio con agencias internacionales de noticias. La UEM que inaugurar\u00e1 el primer mandatario se encuentra en Rocafuerte y se suma a las 11 ya existentes en la Amazonia ecuatoriana, construidas con las regal\u00edas fruto de la extracci\u00f3n petrolera.<\/p>\n<p>La hist\u00f3rica inversi\u00f3n de USD 860 millones en la Amazonia del Ecuador ha permitido que aparte de las UEM se construyan 143 infocentros, 184 laboratorios de inform\u00e1tica en escuelas, seis Centros de Salud, seis Centros de Desarrollo Infantil del Buen Vivir, 74 proyectos de saneamiento ambiental, 22 proyectos de vialidad rural y 246 proyectos de electrificaci\u00f3n rural.<\/p>\n<p>En mayo de este a\u00f1o, el Ministerio de Ambiente otorg\u00f3 a la petrolera estatal Petroamazonas las licencias ambientales para el desarrollo de los campos Tiputini y Tambococha. Actualmente, la empresa inici\u00f3 trabajos para la zona Miranda de embarque en Tiputini, campo petrolero que ubicado fuera del Parque Nacional Yasun\u00ed. (Andes-ecuadoraldia)<\/p>\n","protected":false},"excerpt":{"rendered":"<p>El presidente ecuatoriano Rafael Correa visita este jueves el Parque Nacional Yasun\u00ed, ubicado entre las provincias amaz\u00f3nicas de Napo y<\/p>\n","protected":false},"author":1,"featured_media":0,"comment_status":"open","ping_status":"open","sticky":false,"template":"","format":"standard","meta":{"footnotes":""},"categories":[1],"tags":[],"_links":{"self":[{"href":"https:\/\/www.ecuadoraldia.com.ec\/index.php?rest_route=\/wp\/v2\/posts\/5800"}],"collection":[{"href":"https:\/\/www.ecuadoraldia.com.ec\/index.php?rest_route=\/wp\/v2\/posts"}],"about":[{"href":"https:\/\/www.ecuadoraldia.com.ec\/index.php?rest_route=\/wp\/v2\/types\/post"}],"author":[{"embeddable":true,"href":"https:\/\/www.ecuadoraldia.com.ec\/index.php?rest_route=\/wp\/v2\/users\/1"}],"replies":[{"embeddable":true,"href":"https:\/\/www.ecuadoraldia.com.ec\/index.php?rest_route=%2Fwp%2Fv2%2Fcomments&post=5800"}],"version-history":[{"count":1,"href":"https:\/\/www.ecuadoraldia.com.ec\/index.php?rest_route=\/wp\/v2\/posts\/5800\/revisions"}],"predecessor-version":[{"id":5802,"href":"https:\/\/www.ecuadoraldia.com.ec\/index.php?rest_route=\/wp\/v2\/posts\/5800\/revisions\/5802"}],"wp:attachment":[{"href":"https:\/\/www.ecuadoraldia.com.ec\/index.php?rest_route=%2Fwp%2Fv2%2Fmedia&parent=5800"}],"wp:term":[{"taxonomy":"category","embeddable":true,"href":"https:\/\/www.ecuadoraldia.com.ec\/index.php?rest_route=%2Fwp%2Fv2%2Fcategories&post=5800"},{"taxonomy":"post_tag","embeddable":true,"href":"https:\/\/www.ecuadoraldia.com.ec\/index.php?rest_route=%2Fwp%2Fv2%2Ftags&post=5800"}],"curies":[{"name":"wp","href":"https:\/\/api.w.org\/{rel}","templated":true}]}}