{"id":5869,"date":"2014-11-10T21:30:01","date_gmt":"2014-11-10T21:30:01","guid":{"rendered":"http:\/\/www.ecuadoraldia.com.ec\/?p=5869"},"modified":"2014-11-10T21:30:01","modified_gmt":"2014-11-10T21:30:01","slug":"nueve-detenidos-y-casi-dos-toneladas-de-droga-decomisadas-deja-operativo-policial-en-ecuador","status":"publish","type":"post","link":"https:\/\/www.ecuadoraldia.com.ec\/?p=5869","title":{"rendered":"Nueve detenidos y casi dos toneladas de droga decomisadas deja operativo policial en Ecuador"},"content":{"rendered":"<p><a href=\"http:\/\/www.ecuadoraldia.com.ec\/wp-content\/uploads\/2014\/11\/droga-ec.jpg\"><img loading=\"lazy\" decoding=\"async\" class=\"alignleft size-medium wp-image-5870\" src=\"http:\/\/www.ecuadoraldia.com.ec\/wp-content\/uploads\/2014\/11\/droga-ec-300x198.jpg\" alt=\"droga ec\" width=\"300\" height=\"198\" srcset=\"https:\/\/www.ecuadoraldia.com.ec\/wp-content\/uploads\/2014\/11\/droga-ec-300x198.jpg 300w, https:\/\/www.ecuadoraldia.com.ec\/wp-content\/uploads\/2014\/11\/droga-ec.jpg 302w\" sizes=\"(max-width: 300px) 100vw, 300px\" \/><\/a>La polic\u00eda ecuatoriana detuvo a cinco ciudadanos colombianos y cuatro ecuatorianos y decomis\u00f3 1,8 toneladas de droga en un operativo desarrollado en las provincias de Manab\u00ed y Santo Domingo, inform\u00f3 este lunes el Ministerio del Interior.<\/p>\n<p>El &#8216;Operativo Madriguera&#8217; permiti\u00f3 ubicar a una \u00aborganizaci\u00f3n dedicada al transporte, acopio, adecuaci\u00f3n y posterior env\u00edo del alcaloide a M\u00e9xico\u00bb, seg\u00fan informaci\u00f3n publicada por el ministerio en su cuenta de Twitter.<\/p>\n<p>Los polic\u00edas encontraron la droga \u00abmezclada con torta de palmiste (almedra de palma para alimentar a animales), empacada en sacos de yute\u00bb, se\u00f1al\u00f3. El hallazgo se realiz\u00f3 en dos fincas bananeras ubicadas en el sector de El Porvenir, cerca de la localidad de El Carmen, en el litoral ecuatoriano.<\/p>\n<p>\u00abEstas rutas que se utilizan sirven a su vez para hacer los procesos de coordinaci\u00f3n con la polic\u00eda mexicana, con la polic\u00eda de Guatemala, de Honduras, de El Salvador, y con la propia polic\u00eda colombiana. Logramos desarticular no solo la banda que operaba en nuestro pa\u00eds sino se desarticulan las bandas que operaban tambi\u00e9n en esos pa\u00edses\u00bb, declar\u00f3 en una conferencia de prensa, el ministro del Interior, Jos\u00e9 Serrano.<\/p>\n<p>En la operaci\u00f3n tambi\u00e9n se allanaron seis inmuebles y se decomisaron una motocicleta y dos autom\u00f3viles, entre otros artefactos.<\/p>\n<p>Un mapa difundido por las autoridades muestra que en El Carmen se acopiaba la droga que llegaba de Colombia para luego procesarla y enviarla a Manzanillo, M\u00e9xico.<br \/>\n(Noticias Andes)<\/p>\n","protected":false},"excerpt":{"rendered":"<p>La polic\u00eda ecuatoriana detuvo a cinco ciudadanos colombianos y cuatro ecuatorianos y decomis\u00f3 1,8 toneladas de droga en un operativo<\/p>\n","protected":false},"author":1,"featured_media":0,"comment_status":"open","ping_status":"open","sticky":false,"template":"","format":"standard","meta":{"footnotes":""},"categories":[1],"tags":[],"_links":{"self":[{"href":"https:\/\/www.ecuadoraldia.com.ec\/index.php?rest_route=\/wp\/v2\/posts\/5869"}],"collection":[{"href":"https:\/\/www.ecuadoraldia.com.ec\/index.php?rest_route=\/wp\/v2\/posts"}],"about":[{"href":"https:\/\/www.ecuadoraldia.com.ec\/index.php?rest_route=\/wp\/v2\/types\/post"}],"author":[{"embeddable":true,"href":"https:\/\/www.ecuadoraldia.com.ec\/index.php?rest_route=\/wp\/v2\/users\/1"}],"replies":[{"embeddable":true,"href":"https:\/\/www.ecuadoraldia.com.ec\/index.php?rest_route=%2Fwp%2Fv2%2Fcomments&post=5869"}],"version-history":[{"count":1,"href":"https:\/\/www.ecuadoraldia.com.ec\/index.php?rest_route=\/wp\/v2\/posts\/5869\/revisions"}],"predecessor-version":[{"id":5871,"href":"https:\/\/www.ecuadoraldia.com.ec\/index.php?rest_route=\/wp\/v2\/posts\/5869\/revisions\/5871"}],"wp:attachment":[{"href":"https:\/\/www.ecuadoraldia.com.ec\/index.php?rest_route=%2Fwp%2Fv2%2Fmedia&parent=5869"}],"wp:term":[{"taxonomy":"category","embeddable":true,"href":"https:\/\/www.ecuadoraldia.com.ec\/index.php?rest_route=%2Fwp%2Fv2%2Fcategories&post=5869"},{"taxonomy":"post_tag","embeddable":true,"href":"https:\/\/www.ecuadoraldia.com.ec\/index.php?rest_route=%2Fwp%2Fv2%2Ftags&post=5869"}],"curies":[{"name":"wp","href":"https:\/\/api.w.org\/{rel}","templated":true}]}}