{"id":5872,"date":"2014-11-10T21:37:30","date_gmt":"2014-11-10T21:37:30","guid":{"rendered":"http:\/\/www.ecuadoraldia.com.ec\/?p=5872"},"modified":"2014-11-10T21:37:30","modified_gmt":"2014-11-10T21:37:30","slug":"ecuador-estudiara-la-posibilidad-de-que-aerolinea-publica-tame-vuele-hacia-haiti","status":"publish","type":"post","link":"https:\/\/www.ecuadoraldia.com.ec\/?p=5872","title":{"rendered":"Ecuador estudiar\u00e1 la posibilidad de que aerol\u00ednea p\u00fablica Tame vuele hacia Hait\u00ed"},"content":{"rendered":"<p><a href=\"http:\/\/www.ecuadoraldia.com.ec\/wp-content\/uploads\/2014\/11\/ahiiti.jpg\"><img loading=\"lazy\" decoding=\"async\" class=\"alignleft size-medium wp-image-5873\" src=\"http:\/\/www.ecuadoraldia.com.ec\/wp-content\/uploads\/2014\/11\/ahiiti-300x199.jpg\" alt=\"ahiiti\" width=\"300\" height=\"199\" srcset=\"https:\/\/www.ecuadoraldia.com.ec\/wp-content\/uploads\/2014\/11\/ahiiti-300x199.jpg 300w, https:\/\/www.ecuadoraldia.com.ec\/wp-content\/uploads\/2014\/11\/ahiiti.jpg 302w\" sizes=\"(max-width: 300px) 100vw, 300px\" \/><\/a>Ecuador estudiar\u00e1 la posibilidad de que la aerol\u00ednea p\u00fablica Tame abra una ruta hac\u00eda Hait\u00ed, seg\u00fan inform\u00f3 este lunes el presidente ecuatoriano, Rafael Correa.<\/p>\n<p>Este anuncio lo hizo en el marco de la visita oficial que realiza a Ecuador el presidente de Hait\u00ed, Michell Martelly, quien inform\u00f3 que su gobierno est\u00e1 realizando la construcci\u00f3n de un nuevo aeropuerto en el norte del pa\u00eds, el cual podr\u00eda recibir los vuelos desde Ecuador.<\/p>\n<p>En el evento, el mandatario caribe\u00f1o anunci\u00f3 que durante la reuni\u00f3n con su par de Ecuador agradeci\u00f3 por la ayuda recibida, sobre todo en la reconstrucci\u00f3n de la naci\u00f3n azotada en 2010 por un fuerte terremoto.<\/p>\n<p>Adem\u00e1s, inform\u00f3 que se trataron temas como la continuidad en los programas de capacitaci\u00f3n a miembros de las Fuerzas Armadas haitianas y a t\u00e9cnicos para que contin\u00faen con los programas de reconstrucci\u00f3n de infraestructura civil que llev\u00f3 adelante el cuerpo de Ingenieros del Ej\u00e9rcito de Ecuador.<\/p>\n<p>Los uniformados ecuatorianos ejecutaron la construcci\u00f3n de puentes, viviendas, carreteras, entre otras obras de infraestructura civil.<\/p>\n<p>El presidente Martelly solicit\u00f3 al Consejo Nacional Electoral (CNE) que acompa\u00f1e en el proceso de elecciones pr\u00f3ximas a desarrollarse, con el fin de asegurar unos comicios transparentes e independientes.<\/p>\n<p>Adem\u00e1s, dijo que se solicit\u00f3 al Ministerio del Interior para que colabore con Hait\u00ed en la formaci\u00f3n de agentes para el combate del tr\u00e1fico ilegal de inmigrantes y la trata de personas.<\/p>\n<p>\u201cLa migraci\u00f3n es un problema que nos afecta. Pr\u00f3ximamente Ecuador, Per\u00fa y Hait\u00ed, Brasil se reunir\u00e1n para encontrar una soluci\u00f3n a la crisis de la trata de personas\u201d, se\u00f1al\u00f3.<\/p>\n<p>Por su parte, el presidente Rafael Correa se refiri\u00f3 a la cooperaci\u00f3n Sur-Sur, como factor importante para luchar contra el neocolonialismo y para salir del subdesarrollo. Puntualiz\u00f3 que lo m\u00e1s evidente de esta cooperaci\u00f3n es las tareas de reconstrucci\u00f3n de Hait\u00ed emprendidas por efectivos de las Fuerzas Armadas.<\/p>\n<p>En Ecuador viven unos 2.000 haitianos que regularizaron su situaci\u00f3n migratoria en el a\u00f1o 2010, refiri\u00f3 el Presidente Rafael Correa en el marco de la \u00faltima visita que realiz\u00f3 el Presidente Martelly al pa\u00eds, e indic\u00f3 que el Gobierno ecuatoriano ha destinado un total de 13.5 millones de d\u00f3lares para obras de infraestructura en Hait\u00ed. (Andes)<\/p>\n","protected":false},"excerpt":{"rendered":"<p>Ecuador estudiar\u00e1 la posibilidad de que la aerol\u00ednea p\u00fablica Tame abra una ruta hac\u00eda Hait\u00ed, seg\u00fan inform\u00f3 este lunes el<\/p>\n","protected":false},"author":1,"featured_media":0,"comment_status":"open","ping_status":"open","sticky":false,"template":"","format":"standard","meta":{"footnotes":""},"categories":[3],"tags":[],"_links":{"self":[{"href":"https:\/\/www.ecuadoraldia.com.ec\/index.php?rest_route=\/wp\/v2\/posts\/5872"}],"collection":[{"href":"https:\/\/www.ecuadoraldia.com.ec\/index.php?rest_route=\/wp\/v2\/posts"}],"about":[{"href":"https:\/\/www.ecuadoraldia.com.ec\/index.php?rest_route=\/wp\/v2\/types\/post"}],"author":[{"embeddable":true,"href":"https:\/\/www.ecuadoraldia.com.ec\/index.php?rest_route=\/wp\/v2\/users\/1"}],"replies":[{"embeddable":true,"href":"https:\/\/www.ecuadoraldia.com.ec\/index.php?rest_route=%2Fwp%2Fv2%2Fcomments&post=5872"}],"version-history":[{"count":1,"href":"https:\/\/www.ecuadoraldia.com.ec\/index.php?rest_route=\/wp\/v2\/posts\/5872\/revisions"}],"predecessor-version":[{"id":5874,"href":"https:\/\/www.ecuadoraldia.com.ec\/index.php?rest_route=\/wp\/v2\/posts\/5872\/revisions\/5874"}],"wp:attachment":[{"href":"https:\/\/www.ecuadoraldia.com.ec\/index.php?rest_route=%2Fwp%2Fv2%2Fmedia&parent=5872"}],"wp:term":[{"taxonomy":"category","embeddable":true,"href":"https:\/\/www.ecuadoraldia.com.ec\/index.php?rest_route=%2Fwp%2Fv2%2Fcategories&post=5872"},{"taxonomy":"post_tag","embeddable":true,"href":"https:\/\/www.ecuadoraldia.com.ec\/index.php?rest_route=%2Fwp%2Fv2%2Ftags&post=5872"}],"curies":[{"name":"wp","href":"https:\/\/api.w.org\/{rel}","templated":true}]}}