{"id":5875,"date":"2014-11-10T22:12:07","date_gmt":"2014-11-10T22:12:07","guid":{"rendered":"http:\/\/www.ecuadoraldia.com.ec\/?p=5875"},"modified":"2014-11-10T22:12:07","modified_gmt":"2014-11-10T22:12:07","slug":"ecuador-aporta-con-cuatro-propuestas-al-documento-final-de-la-convencion-de-especies-migratorias","status":"publish","type":"post","link":"https:\/\/www.ecuadoraldia.com.ec\/?p=5875","title":{"rendered":"Ecuador aporta con cuatro propuestas al documento final de la convenci\u00f3n de Especies Migratorias"},"content":{"rendered":"<p><a href=\"http:\/\/www.ecuadoraldia.com.ec\/wp-content\/uploads\/2014\/11\/especiesm1.jpg\"><img loading=\"lazy\" decoding=\"async\" class=\"alignleft size-medium wp-image-5876\" src=\"http:\/\/www.ecuadoraldia.com.ec\/wp-content\/uploads\/2014\/11\/especiesm1-300x187.jpg\" alt=\"especiesm\" width=\"300\" height=\"187\" srcset=\"https:\/\/www.ecuadoraldia.com.ec\/wp-content\/uploads\/2014\/11\/especiesm1-300x187.jpg 300w, https:\/\/www.ecuadoraldia.com.ec\/wp-content\/uploads\/2014\/11\/especiesm1.jpg 580w\" sizes=\"(max-width: 300px) 100vw, 300px\" \/><\/a>La XI Convenci\u00f3n sobre Conservaci\u00f3n de las Especies Migratorias de Animales Silvestres termin\u00f3 este domingo con la inclusi\u00f3n de cuatro propuestas de Ecuador en una lista de 31 especies.<\/p>\n<p>Tras seis d\u00edas de conferencias y reuniones, la convenci\u00f3n que se realiz\u00f3 en Quito incluy\u00f3 en los Ap\u00e9ndices I al ave Reinita Canadiense, mientras que al Ap\u00e9ndice II ingresaron el ave acu\u00e1tica Playerito Semipalmeado, el tibur\u00f3n Martillo Com\u00fan y Tibur\u00f3n Martillo Gigante.<\/p>\n<p>El primer Ap\u00e9ndice se refiere a las especies en peligro de extinci\u00f3n o en amenaza de destrucci\u00f3n de h\u00e1bitat. Mientras que en la segunda parte se encuentran las especies en peligro futuro y que se busca proteger para evitar su desaparici\u00f3n.<\/p>\n<p>Actualmente existen 1,4 millones del ave Reinita Canadiense, seg\u00fan el ministerio de Ambiente de Ecuador. Su disminuci\u00f3n anual se acerca al 4.5%. Asimismo se demuestra evidencia de las amenazas del resto de especies y una disminuci\u00f3n del 50% y 90% de tibur\u00f3n Martillo Com\u00fan y Gigante.<\/p>\n<p>Durante la convenci\u00f3n tambi\u00e9n se aprob\u00f3 al inclusi\u00f3n del oso polar, el tibur\u00f3n sedoso y la anguila europea. No se pudo llegar a un consenso en cuanto a la integraci\u00f3n del le\u00f3n africano, pues no se proporcion\u00f3 informaci\u00f3n en esta propuesta de Kenya. Andes<\/p>\n","protected":false},"excerpt":{"rendered":"<p>La XI Convenci\u00f3n sobre Conservaci\u00f3n de las Especies Migratorias de Animales Silvestres termin\u00f3 este domingo con la inclusi\u00f3n de cuatro<\/p>\n","protected":false},"author":1,"featured_media":0,"comment_status":"open","ping_status":"open","sticky":false,"template":"","format":"standard","meta":{"footnotes":""},"categories":[11],"tags":[],"_links":{"self":[{"href":"https:\/\/www.ecuadoraldia.com.ec\/index.php?rest_route=\/wp\/v2\/posts\/5875"}],"collection":[{"href":"https:\/\/www.ecuadoraldia.com.ec\/index.php?rest_route=\/wp\/v2\/posts"}],"about":[{"href":"https:\/\/www.ecuadoraldia.com.ec\/index.php?rest_route=\/wp\/v2\/types\/post"}],"author":[{"embeddable":true,"href":"https:\/\/www.ecuadoraldia.com.ec\/index.php?rest_route=\/wp\/v2\/users\/1"}],"replies":[{"embeddable":true,"href":"https:\/\/www.ecuadoraldia.com.ec\/index.php?rest_route=%2Fwp%2Fv2%2Fcomments&post=5875"}],"version-history":[{"count":1,"href":"https:\/\/www.ecuadoraldia.com.ec\/index.php?rest_route=\/wp\/v2\/posts\/5875\/revisions"}],"predecessor-version":[{"id":5877,"href":"https:\/\/www.ecuadoraldia.com.ec\/index.php?rest_route=\/wp\/v2\/posts\/5875\/revisions\/5877"}],"wp:attachment":[{"href":"https:\/\/www.ecuadoraldia.com.ec\/index.php?rest_route=%2Fwp%2Fv2%2Fmedia&parent=5875"}],"wp:term":[{"taxonomy":"category","embeddable":true,"href":"https:\/\/www.ecuadoraldia.com.ec\/index.php?rest_route=%2Fwp%2Fv2%2Fcategories&post=5875"},{"taxonomy":"post_tag","embeddable":true,"href":"https:\/\/www.ecuadoraldia.com.ec\/index.php?rest_route=%2Fwp%2Fv2%2Ftags&post=5875"}],"curies":[{"name":"wp","href":"https:\/\/api.w.org\/{rel}","templated":true}]}}