{"id":5878,"date":"2014-11-11T00:10:57","date_gmt":"2014-11-11T00:10:57","guid":{"rendered":"http:\/\/www.ecuadoraldia.com.ec\/?p=5878"},"modified":"2014-11-11T00:16:16","modified_gmt":"2014-11-11T00:16:16","slug":"aucas-acaricia-la-serie-a","status":"publish","type":"post","link":"https:\/\/www.ecuadoraldia.com.ec\/?p=5878","title":{"rendered":"Aucas  acaricia la Serie A"},"content":{"rendered":"<p><a href=\"http:\/\/www.ecuadoraldia.com.ec\/wp-content\/uploads\/2014\/11\/AUCAS-1.jpg\"><img loading=\"lazy\" decoding=\"async\" class=\"alignleft size-medium wp-image-5879\" src=\"http:\/\/www.ecuadoraldia.com.ec\/wp-content\/uploads\/2014\/11\/AUCAS-1-300x200.jpg\" alt=\"QUITO 25 DE NOVIEMBRE DEL 2012. AUCAS VS PILAHUI. FOTOS JUAN CEVALLOS.\" width=\"300\" height=\"200\" srcset=\"https:\/\/www.ecuadoraldia.com.ec\/wp-content\/uploads\/2014\/11\/AUCAS-1-300x200.jpg 300w, https:\/\/www.ecuadoraldia.com.ec\/wp-content\/uploads\/2014\/11\/AUCAS-1.jpg 990w\" sizes=\"(max-width: 300px) 100vw, 300px\" \/><\/a>El &#8216;\u00eddolo del pueblo&#8217;, Aucas, derrot\u00f3 2-1 al Macar\u00e1 en el estadio Bellavista de Ambato y con este resultado est\u00e1 a un punto de lograr el ascenso a la Serie A del Campeonato Ecuatoriano de F\u00fatbol.<\/p>\n<p>Muy temprano comenzaron los festejos de la hinchada de Aucas que lleg\u00f3 en buen n\u00famero al estadio Bellavista para el encuentro ante Macar\u00e1. Apenas a los siete minutos Santiago Malitasig con certero golpe de cabeza venci\u00f3 al portero del plantel ambate\u00f1o, Walter Hinostroza, para poner la ventaja del equipo Indio.<\/p>\n<p>Macar\u00e1 se fue con todo al ataque en busca del tanto del empate, pero lamentablemente no lleg\u00f3, en ocasiones por la mala definici\u00f3n de los jugadores del \u00eddolo ambate\u00f1o y en otras por la buena actuaci\u00f3n del portero de Aucas, Jer\u00f3nimo Costa, que evit\u00f3 que la angustia llegue a los casi 4.000 hinchas auquistas que estuvieron en el escenario deportivo.<\/p>\n<p>A los 33 minutos un avance r\u00e1pido de Aucas le permite a Lauro Cazal hacerse del bal\u00f3n y con remate de derecha potente, nuevamente venci\u00f3 al portero ambate\u00f1o. La ventaja se ampli\u00f3 y con ello el \u00eddolo quite\u00f1o comenz\u00f3 a jugar m\u00e1s suelto, sin mayores apuros, mientras en las gradas se escuchaba las barras del plantel Indio.<\/p>\n<p>Pero, para hacerle un poco m\u00e1s angustioso el triunfo del plantel capitalino, a los 62 minutos, Angel Ledesma se qued\u00f3 solo frente al arco rival y decret\u00f3 el tanto del descuento.<\/p>\n<p>De ah\u00ed en adelante tanto en el gramado como en los grader\u00edos, parec\u00eda que se quer\u00eda que los minutos pasen r\u00e1pidamente, porque el plantel ambate\u00f1o atacaba con todo para conseguir el gol del empate.<\/p>\n<p>La desesperaci\u00f3n aument\u00f3 porque el \u00e1rbitro del encuentro, Fabi\u00e1n Mu\u00f1oz, decret\u00f3 cuatro minutos de adici\u00f3n, que parecieron eternos, los jugadores del Aucas despejaban los balones a d\u00f3nde sea, sin direcci\u00f3n, pero lejos de su porter\u00eda.<\/p>\n<p>Con el pitazo final, lleg\u00f3 el festejo de jugadores e hinchada, que est\u00e1n seguros que tienen los puntos suficientes para estar en la serie A, Milatasig manifest\u00f3 que falta definir si son primeros, que es el objetivo, o segundos al final de la temporada. (Universo y Ecuadoraldia)<\/p>\n","protected":false},"excerpt":{"rendered":"<p>El &#8216;\u00eddolo del pueblo&#8217;, Aucas, derrot\u00f3 2-1 al Macar\u00e1 en el estadio Bellavista de Ambato y con este resultado est\u00e1<\/p>\n","protected":false},"author":1,"featured_media":0,"comment_status":"open","ping_status":"open","sticky":false,"template":"","format":"standard","meta":{"footnotes":""},"categories":[10],"tags":[],"_links":{"self":[{"href":"https:\/\/www.ecuadoraldia.com.ec\/index.php?rest_route=\/wp\/v2\/posts\/5878"}],"collection":[{"href":"https:\/\/www.ecuadoraldia.com.ec\/index.php?rest_route=\/wp\/v2\/posts"}],"about":[{"href":"https:\/\/www.ecuadoraldia.com.ec\/index.php?rest_route=\/wp\/v2\/types\/post"}],"author":[{"embeddable":true,"href":"https:\/\/www.ecuadoraldia.com.ec\/index.php?rest_route=\/wp\/v2\/users\/1"}],"replies":[{"embeddable":true,"href":"https:\/\/www.ecuadoraldia.com.ec\/index.php?rest_route=%2Fwp%2Fv2%2Fcomments&post=5878"}],"version-history":[{"count":2,"href":"https:\/\/www.ecuadoraldia.com.ec\/index.php?rest_route=\/wp\/v2\/posts\/5878\/revisions"}],"predecessor-version":[{"id":5881,"href":"https:\/\/www.ecuadoraldia.com.ec\/index.php?rest_route=\/wp\/v2\/posts\/5878\/revisions\/5881"}],"wp:attachment":[{"href":"https:\/\/www.ecuadoraldia.com.ec\/index.php?rest_route=%2Fwp%2Fv2%2Fmedia&parent=5878"}],"wp:term":[{"taxonomy":"category","embeddable":true,"href":"https:\/\/www.ecuadoraldia.com.ec\/index.php?rest_route=%2Fwp%2Fv2%2Fcategories&post=5878"},{"taxonomy":"post_tag","embeddable":true,"href":"https:\/\/www.ecuadoraldia.com.ec\/index.php?rest_route=%2Fwp%2Fv2%2Ftags&post=5878"}],"curies":[{"name":"wp","href":"https:\/\/api.w.org\/{rel}","templated":true}]}}