{"id":5885,"date":"2014-11-11T12:37:47","date_gmt":"2014-11-11T12:37:47","guid":{"rendered":"http:\/\/www.ecuadoraldia.com.ec\/?p=5885"},"modified":"2014-11-11T12:37:47","modified_gmt":"2014-11-11T12:37:47","slug":"militares-retirados-preocupados-por-la-suerte-del-issfa","status":"publish","type":"post","link":"https:\/\/www.ecuadoraldia.com.ec\/?p=5885","title":{"rendered":"Militares retirados preocupados por la suerte del Issfa"},"content":{"rendered":"<figure id=\"attachment_5886\" aria-describedby=\"caption-attachment-5886\" style=\"width: 300px\" class=\"wp-caption alignleft\"><a href=\"http:\/\/www.ecuadoraldia.com.ec\/wp-content\/uploads\/2014\/11\/sev-pasivo.jpg\"><img loading=\"lazy\" decoding=\"async\" class=\"size-full wp-image-5886\" src=\"http:\/\/www.ecuadoraldia.com.ec\/wp-content\/uploads\/2014\/11\/sev-pasivo.jpg\" alt=\"foto internet\" width=\"300\" height=\"199\" \/><\/a><figcaption id=\"caption-attachment-5886\" class=\"wp-caption-text\">foto internet<\/figcaption><\/figure>\n<p>En la oficialidad y el personal de tropa en servicio pasivo de las FF.AA. \u201chay preocupaci\u00f3n sobre la suerte del Instituto de Seguridad de las FF.AA. (Issfa)\u201d.<\/p>\n<p>Esta fue una de las inquietudes que plantearon cerca de 100 uniformados en retiro durante una reuni\u00f3n reservada convocada por el ministro de Defensa, Fernando Cordero, la semana pasada en esta cartera de Estado.<\/p>\n<p>\u201cNormalmente, cuando hay rumores y se tejen conjeturas de que el Issfa va a formar parte del IESS, la mejor forma de neutralizarlos es informando de manera convincente. Adem\u00e1s, la informaci\u00f3n y el informante deben ser cre\u00edbles. Vale la pena que el Ministro, de la misma forma como ha procedido en los cuarteles, informe y despeje nuestras inquietudes. As\u00ed todos quedaremos tranquilos\u201d, dijo uno de los oficiales (sp) que particip\u00f3 en la cita y que pidi\u00f3 la reserva del nombre.<\/p>\n<p>En el transcurso de este Gobierno, extraoficialmente, se conoce que este es el primer encuentro que convoca un Ministro de Defensa a militares en servicio pasivo, dentro de un proceso de reestructuraci\u00f3n de las FF.AA. anunciado por el Ejecutivo. La primera intervenci\u00f3n la hizo el almirante V\u00edctor Garc\u00e9s, presidente de la Asociaci\u00f3n de Generales y Almirantes (r).<\/p>\n<p>En la cita, que se extendi\u00f3 por aproximadamente dos horas, en el Sal\u00f3n Los Libertadores\u2019 de la Secretar\u00eda de Defensa, Cordero aclar\u00f3 a los uniformados dudas sobre el Sistema de Seguridad Social e insisti\u00f3 en su discurso que el Issfa no desaparecer\u00e1.<\/p>\n<p>Reacciones<\/p>\n<p>\u201cMinistro indica a militares en servicio pasivo que no se puede retirar derechos, sino aumentarlos\u201d, dice una informaci\u00f3n oficial.<\/p>\n<p>Al mismo tiempo, los oficiales aclararon que una de las bases legales en la que se sustenta la seguridad social de los militares y polic\u00edas consta en el quinto considerando de la Ley de Seguridad Social de las FF.AA.<\/p>\n<p>En la normativa, que describe por qu\u00e9 se crea un r\u00e9gimen especial de seguridad social dice: \u201cQue el personal militar de las FF.AA. no est\u00e1 amparado por un sistema de seguridad social, acorde con los avances de la legislaci\u00f3n moderna sobre esta materia; por lo que, es necesario organizar un sistema de seguridad social militar que responda a las caracter\u00edsticas demogr\u00e1ficas de dicho colectivo, basado en principios de protecci\u00f3n, solidaridad, justicia y participaci\u00f3n equitativa del Estado, del empleador y de sus asegurados\u2026\u201d.<\/p>\n<p>Los uniformados est\u00e1n a la espera de una nueva reuni\u00f3n de este nivel para que el Ministro emita un pronunciamiento respecto del apoyo a ocho oficiales procesados como responsables de supuesta tortura, violencia sexual y desaparici\u00f3n forzada en 1985 en contra de exmiembros del grupo Alfaro Vive Carajo. (SC)<\/p>\n<p>El 90% vive de ese derecho<\/p>\n<p>\u00b0 En un art\u00edculo publicado hace varias semanas por el coronel del Ej\u00e9rcito (sp) Alberto Molina, el oficial se\u00f1ala que esta \u201cpreocupaci\u00f3n\u201d no es nueva por saber cu\u00e1l ser\u00e1 el futuro inmediato de sus pensiones jubilares, y revela que m\u00e1s del 90% vive exclusivamente de ese derecho.<\/p>\n<p>\u201cDe acuerdo con informaciones del Gobierno, se ha denunciado que circulan pasquines en los cuarteles del Ej\u00e9rcito y la Polic\u00eda, los mismos que desinforman sobre la seguridad universal e indican que el Issfa y el Isspol desaparecer\u00edan\u201d, recuerda.<\/p>\n<p>100 exuniformados estuvieron con el Ministro la semana pasada.<\/p>\n<p>8 oficiales piden apoyo por procesos judiciales.(La hora)<\/p>\n","protected":false},"excerpt":{"rendered":"<p>En la oficialidad y el personal de tropa en servicio pasivo de las FF.AA. \u201chay preocupaci\u00f3n sobre la suerte del<\/p>\n","protected":false},"author":1,"featured_media":0,"comment_status":"open","ping_status":"open","sticky":false,"template":"","format":"standard","meta":{"footnotes":""},"categories":[1],"tags":[],"_links":{"self":[{"href":"https:\/\/www.ecuadoraldia.com.ec\/index.php?rest_route=\/wp\/v2\/posts\/5885"}],"collection":[{"href":"https:\/\/www.ecuadoraldia.com.ec\/index.php?rest_route=\/wp\/v2\/posts"}],"about":[{"href":"https:\/\/www.ecuadoraldia.com.ec\/index.php?rest_route=\/wp\/v2\/types\/post"}],"author":[{"embeddable":true,"href":"https:\/\/www.ecuadoraldia.com.ec\/index.php?rest_route=\/wp\/v2\/users\/1"}],"replies":[{"embeddable":true,"href":"https:\/\/www.ecuadoraldia.com.ec\/index.php?rest_route=%2Fwp%2Fv2%2Fcomments&post=5885"}],"version-history":[{"count":1,"href":"https:\/\/www.ecuadoraldia.com.ec\/index.php?rest_route=\/wp\/v2\/posts\/5885\/revisions"}],"predecessor-version":[{"id":5887,"href":"https:\/\/www.ecuadoraldia.com.ec\/index.php?rest_route=\/wp\/v2\/posts\/5885\/revisions\/5887"}],"wp:attachment":[{"href":"https:\/\/www.ecuadoraldia.com.ec\/index.php?rest_route=%2Fwp%2Fv2%2Fmedia&parent=5885"}],"wp:term":[{"taxonomy":"category","embeddable":true,"href":"https:\/\/www.ecuadoraldia.com.ec\/index.php?rest_route=%2Fwp%2Fv2%2Fcategories&post=5885"},{"taxonomy":"post_tag","embeddable":true,"href":"https:\/\/www.ecuadoraldia.com.ec\/index.php?rest_route=%2Fwp%2Fv2%2Ftags&post=5885"}],"curies":[{"name":"wp","href":"https:\/\/api.w.org\/{rel}","templated":true}]}}