{"id":5888,"date":"2014-11-11T12:39:52","date_gmt":"2014-11-11T12:39:52","guid":{"rendered":"http:\/\/www.ecuadoraldia.com.ec\/?p=5888"},"modified":"2014-11-11T12:39:52","modified_gmt":"2014-11-11T12:39:52","slug":"diana-olivero","status":"publish","type":"post","link":"https:\/\/www.ecuadoraldia.com.ec\/?p=5888","title":{"rendered":"Diana Olivero"},"content":{"rendered":"<p><a href=\"http:\/\/www.ecuadoraldia.com.ec\/wp-content\/uploads\/2014\/11\/diana-olivero-2.jpg\"><img loading=\"lazy\" decoding=\"async\" class=\"alignleft size-medium wp-image-5889\" src=\"http:\/\/www.ecuadoraldia.com.ec\/wp-content\/uploads\/2014\/11\/diana-olivero-2-211x300.jpg\" alt=\"diana-olivero 2\" width=\"211\" height=\"300\" srcset=\"https:\/\/www.ecuadoraldia.com.ec\/wp-content\/uploads\/2014\/11\/diana-olivero-2-211x300.jpg 211w, https:\/\/www.ecuadoraldia.com.ec\/wp-content\/uploads\/2014\/11\/diana-olivero-2.jpg 260w\" sizes=\"(max-width: 211px) 100vw, 211px\" \/><\/a>Hor\u00f3scopo: Tauro Equipo: Ninguno, apoyo a la Selecci\u00f3n de Ecuador.<\/p>\n<p>\u00bfQu\u00e9 opini\u00f3n tienes sobre llegar virgen al matrimonio?<\/p>\n<p>Creo que en esta \u00e9poca que vivimos es un asunto m\u00e1s personal y complejo.<\/p>\n<p>\u00bfTe han molestado por llevar ropa sexy? \u00bfLo consideras violencia de g\u00e9nero?<\/p>\n<p>Generalmente no salgo a la calle con faldas ni vestidos porque s\u00e9 a lo que me estar\u00eda exponiendo: a los silbidos y frases de personas fastidiosas. No s\u00e9 si ser\u00e1 por la forma de vestir, creer\u00eda que es por falta educaci\u00f3n y respeto a la mujer. El hombre deber\u00eda respetarla, m\u00e1s all\u00e1 de la ropa que use la mujer, porque es su cuerpo.<\/p>\n<p>\u00bfQu\u00e9 har\u00edas para erradicar la violencia de g\u00e9nero en Quito?<\/p>\n<p>Realizar\u00eda una campa\u00f1a con spots publicitarios, donde se evidencia este fen\u00f3meno y la falta de equidad de g\u00e9nero. Propongo atenci\u00f3n psicol\u00f3gica para el agresor y la agredida.<\/p>\n","protected":false},"excerpt":{"rendered":"<p>Hor\u00f3scopo: Tauro Equipo: Ninguno, apoyo a la Selecci\u00f3n de Ecuador. \u00bfQu\u00e9 opini\u00f3n tienes sobre llegar virgen al matrimonio? Creo que<\/p>\n","protected":false},"author":1,"featured_media":0,"comment_status":"open","ping_status":"open","sticky":false,"template":"","format":"standard","meta":{"footnotes":""},"categories":[1],"tags":[],"_links":{"self":[{"href":"https:\/\/www.ecuadoraldia.com.ec\/index.php?rest_route=\/wp\/v2\/posts\/5888"}],"collection":[{"href":"https:\/\/www.ecuadoraldia.com.ec\/index.php?rest_route=\/wp\/v2\/posts"}],"about":[{"href":"https:\/\/www.ecuadoraldia.com.ec\/index.php?rest_route=\/wp\/v2\/types\/post"}],"author":[{"embeddable":true,"href":"https:\/\/www.ecuadoraldia.com.ec\/index.php?rest_route=\/wp\/v2\/users\/1"}],"replies":[{"embeddable":true,"href":"https:\/\/www.ecuadoraldia.com.ec\/index.php?rest_route=%2Fwp%2Fv2%2Fcomments&post=5888"}],"version-history":[{"count":1,"href":"https:\/\/www.ecuadoraldia.com.ec\/index.php?rest_route=\/wp\/v2\/posts\/5888\/revisions"}],"predecessor-version":[{"id":5890,"href":"https:\/\/www.ecuadoraldia.com.ec\/index.php?rest_route=\/wp\/v2\/posts\/5888\/revisions\/5890"}],"wp:attachment":[{"href":"https:\/\/www.ecuadoraldia.com.ec\/index.php?rest_route=%2Fwp%2Fv2%2Fmedia&parent=5888"}],"wp:term":[{"taxonomy":"category","embeddable":true,"href":"https:\/\/www.ecuadoraldia.com.ec\/index.php?rest_route=%2Fwp%2Fv2%2Fcategories&post=5888"},{"taxonomy":"post_tag","embeddable":true,"href":"https:\/\/www.ecuadoraldia.com.ec\/index.php?rest_route=%2Fwp%2Fv2%2Ftags&post=5888"}],"curies":[{"name":"wp","href":"https:\/\/api.w.org\/{rel}","templated":true}]}}