{"id":5907,"date":"2014-11-11T18:15:18","date_gmt":"2014-11-11T18:15:18","guid":{"rendered":"http:\/\/www.ecuadoraldia.com.ec\/?p=5907"},"modified":"2014-11-11T18:29:47","modified_gmt":"2014-11-11T18:29:47","slug":"fiscalia-investigara-accidente-de-bus-de-panamericana","status":"publish","type":"post","link":"https:\/\/www.ecuadoraldia.com.ec\/?p=5907","title":{"rendered":"Fiscal\u00eda investigar\u00e1 accidente de bus de Panamericana"},"content":{"rendered":"<p style=\"text-align: justify;\"><a href=\"http:\/\/www.ecuadoraldia.com.ec\/wp-content\/uploads\/2014\/11\/chiriboga3.jpg\"><img loading=\"lazy\" decoding=\"async\" class=\"alignleft size-medium wp-image-5908\" src=\"http:\/\/www.ecuadoraldia.com.ec\/wp-content\/uploads\/2014\/11\/chiriboga3-300x192.jpg\" alt=\"chiriboga3\" width=\"300\" height=\"192\" srcset=\"https:\/\/www.ecuadoraldia.com.ec\/wp-content\/uploads\/2014\/11\/chiriboga3-300x192.jpg 300w, https:\/\/www.ecuadoraldia.com.ec\/wp-content\/uploads\/2014\/11\/chiriboga3.jpg 373w\" sizes=\"(max-width: 300px) 100vw, 300px\" \/><\/a>El fiscal general del Estado, Galo Chiriboga, inform\u00f3 que se abrir\u00e1 una investigaci\u00f3n por el accidente del bus de la cooperativa anamericana, ocurrido el s\u00e1bado pasado, en el que murieron 15 personas y 16 resultaron heridas.<\/p>\n<p style=\"text-align: justify;\">Chiriboga explic\u00f3 que la Fiscal\u00eda investigar\u00e1 qu\u00e9 autoridad autoriz\u00f3 la circulaci\u00f3n del veh\u00edculo, a pesar de que se le hab\u00edan detectado varias fallas en el momento de la revisi\u00f3n vehicular, previamente a la matriculaci\u00f3n.<\/p>\n<p style=\"text-align: justify;\">H\u00e9ctor Sol\u00f3rzano, director de la Agencia Nacional de Tr\u00e1nsito (ANT), se\u00f1al\u00f3 ayer que la Agencia Metropolitana de Tr\u00e1nsito-a cargo del Municipio de Quito- jam\u00e1s inform\u00f3 sobre las anomal\u00edas que presentaba el automotor, entre ellos problemas en el sistema de frenos.<\/p>\n<p style=\"text-align: justify;\">Un informe preliminar detect\u00f3 que el accidente se produjo por una falla humana. Al parecer, el conductor intent\u00f3 rebasar a otro automotor, sin sujetarse a las normas t\u00e9cnicas de seguridad.<\/p>\n<p style=\"text-align: justify;\">El Sistema de Investigaci\u00f3n de Accidentes de Tr\u00e1nsito (SIAT) tendr\u00eda listo en una semana el informe final sobre la tragedia.<\/p>\n<p style=\"text-align: justify;\">Fiscal General @Galo_Chiriboga dice que se investigar\u00e1 el accidente de unidad de cooperativa Panamericana, ocurrido el s\u00e1bado pasado en la v\u00eda Santo Fomingo Aloag. (Telegrafo)<\/p>\n","protected":false},"excerpt":{"rendered":"<p>El fiscal general del Estado, Galo Chiriboga, inform\u00f3 que se abrir\u00e1 una investigaci\u00f3n por el accidente del bus de la<\/p>\n","protected":false},"author":1,"featured_media":0,"comment_status":"open","ping_status":"open","sticky":false,"template":"","format":"standard","meta":{"footnotes":""},"categories":[1],"tags":[],"_links":{"self":[{"href":"https:\/\/www.ecuadoraldia.com.ec\/index.php?rest_route=\/wp\/v2\/posts\/5907"}],"collection":[{"href":"https:\/\/www.ecuadoraldia.com.ec\/index.php?rest_route=\/wp\/v2\/posts"}],"about":[{"href":"https:\/\/www.ecuadoraldia.com.ec\/index.php?rest_route=\/wp\/v2\/types\/post"}],"author":[{"embeddable":true,"href":"https:\/\/www.ecuadoraldia.com.ec\/index.php?rest_route=\/wp\/v2\/users\/1"}],"replies":[{"embeddable":true,"href":"https:\/\/www.ecuadoraldia.com.ec\/index.php?rest_route=%2Fwp%2Fv2%2Fcomments&post=5907"}],"version-history":[{"count":3,"href":"https:\/\/www.ecuadoraldia.com.ec\/index.php?rest_route=\/wp\/v2\/posts\/5907\/revisions"}],"predecessor-version":[{"id":5914,"href":"https:\/\/www.ecuadoraldia.com.ec\/index.php?rest_route=\/wp\/v2\/posts\/5907\/revisions\/5914"}],"wp:attachment":[{"href":"https:\/\/www.ecuadoraldia.com.ec\/index.php?rest_route=%2Fwp%2Fv2%2Fmedia&parent=5907"}],"wp:term":[{"taxonomy":"category","embeddable":true,"href":"https:\/\/www.ecuadoraldia.com.ec\/index.php?rest_route=%2Fwp%2Fv2%2Fcategories&post=5907"},{"taxonomy":"post_tag","embeddable":true,"href":"https:\/\/www.ecuadoraldia.com.ec\/index.php?rest_route=%2Fwp%2Fv2%2Ftags&post=5907"}],"curies":[{"name":"wp","href":"https:\/\/api.w.org\/{rel}","templated":true}]}}