{"id":5910,"date":"2014-11-11T18:19:37","date_gmt":"2014-11-11T18:19:37","guid":{"rendered":"http:\/\/www.ecuadoraldia.com.ec\/?p=5910"},"modified":"2014-11-11T22:03:55","modified_gmt":"2014-11-11T22:03:55","slug":"grupo-internacional-de-fiscales-ofrece-apoyo-a-mexico-en-caso-de-estudiantes-desaparecidos","status":"publish","type":"post","link":"https:\/\/www.ecuadoraldia.com.ec\/?p=5910","title":{"rendered":"Grupo internacional de fiscales ofrece apoyo a M\u00e9xico en caso de estudiantes desaparecidos"},"content":{"rendered":"<p style=\"text-align: justify;\"><a href=\"http:\/\/www.ecuadoraldia.com.ec\/wp-content\/uploads\/2014\/11\/protestas_Acapulco1.jpg\"><img loading=\"lazy\" decoding=\"async\" class=\"alignleft size-medium wp-image-5911\" src=\"http:\/\/www.ecuadoraldia.com.ec\/wp-content\/uploads\/2014\/11\/protestas_Acapulco1-300x201.jpg\" alt=\"protestas_Acapulco\" width=\"300\" height=\"201\" srcset=\"https:\/\/www.ecuadoraldia.com.ec\/wp-content\/uploads\/2014\/11\/protestas_Acapulco1-300x201.jpg 300w, https:\/\/www.ecuadoraldia.com.ec\/wp-content\/uploads\/2014\/11\/protestas_Acapulco1.jpg 375w\" sizes=\"(max-width: 300px) 100vw, 300px\" \/><\/a>Las protestas en M\u00e9xico se han intensificado para reclamar al gobierno que contin\u00fae<br \/>\nEl presidente de la Asociaci\u00f3n Iberoamericana de Ministerios P\u00fablicos, Galo Chiriboga, propuso este martes enviar una delegaci\u00f3n de fiscales a M\u00e9xico para que apoye en las investigaciones sobre la desaparici\u00f3n, y probable asesinato, de 43 estudiantes.<\/p>\n<p style=\"text-align: justify;\">El fiscal general de Ecuador, quien asumi\u00f3 la semana pasada la presidencia de ese \u00f3rgano que agrupa a 21 fiscal\u00edas, se\u00f1al\u00f3 que la iniciativa deber\u00e1 ser avalada por su hom\u00f3logo de M\u00e9xico, Jes\u00fas Murillo Karam.<\/p>\n<p style=\"text-align: justify;\">\u00abM\u00e9xico es parte de la asociaci\u00f3n y si el fiscal mexicano considera esta posibilidad, armar\u00edamos un equipo de los mejores investigadores de nuestros pa\u00edses: Espa\u00f1a, Portugal, Venezuela, Ecuador, Per\u00fa, Argentina, para que cooperen en el descubrimiento de los hechos tan graves que han afectado a M\u00e9xico\u00bb, dijo Chiriboga a radio Quito.<\/p>\n<p style=\"text-align: justify;\">Los 43 estudiantes desaparecieron el 26 de septiembre en la ciudad de Iguala (Guerrero, sur de M\u00e9xico), tras ser brutalmente atacados por polic\u00edas locales y entregados despu\u00e9s a sicarios del narcotr\u00e1fico.<\/p>\n<p style=\"text-align: justify;\">La fiscal\u00eda dijo el viernes que tres sicarios confesaron haber asesinado a los estudiantes y quemado sus cad\u00e1veres. Los cuerpos calcinados, seg\u00fan esa versi\u00f3n, fueron arrojados a un r\u00edo cercano.<\/p>\n<p style=\"text-align: justify;\">Sin embargo, los familiares de los j\u00f3venes sospechan de la veracidad de esa informaci\u00f3n y han organizado fuertes protestas, con el apoyo de cientos de manifestantes, para reclamar al gobierno que contin\u00fae con la b\u00fasqueda de los 43 desaparecidos.<\/p>\n<p style=\"text-align: justify;\">El fiscal Murillo Karam insiste en que existen pocas posibilidades de identificar los restos, ya que la mayor\u00eda est\u00e1n desintegrados. (el tel\u00e9grafo)<\/p>\n","protected":false},"excerpt":{"rendered":"<p>Las protestas en M\u00e9xico se han intensificado para reclamar al gobierno que contin\u00fae El presidente de la Asociaci\u00f3n Iberoamericana de<\/p>\n","protected":false},"author":1,"featured_media":0,"comment_status":"open","ping_status":"open","sticky":false,"template":"","format":"standard","meta":{"footnotes":""},"categories":[7],"tags":[],"_links":{"self":[{"href":"https:\/\/www.ecuadoraldia.com.ec\/index.php?rest_route=\/wp\/v2\/posts\/5910"}],"collection":[{"href":"https:\/\/www.ecuadoraldia.com.ec\/index.php?rest_route=\/wp\/v2\/posts"}],"about":[{"href":"https:\/\/www.ecuadoraldia.com.ec\/index.php?rest_route=\/wp\/v2\/types\/post"}],"author":[{"embeddable":true,"href":"https:\/\/www.ecuadoraldia.com.ec\/index.php?rest_route=\/wp\/v2\/users\/1"}],"replies":[{"embeddable":true,"href":"https:\/\/www.ecuadoraldia.com.ec\/index.php?rest_route=%2Fwp%2Fv2%2Fcomments&post=5910"}],"version-history":[{"count":2,"href":"https:\/\/www.ecuadoraldia.com.ec\/index.php?rest_route=\/wp\/v2\/posts\/5910\/revisions"}],"predecessor-version":[{"id":5932,"href":"https:\/\/www.ecuadoraldia.com.ec\/index.php?rest_route=\/wp\/v2\/posts\/5910\/revisions\/5932"}],"wp:attachment":[{"href":"https:\/\/www.ecuadoraldia.com.ec\/index.php?rest_route=%2Fwp%2Fv2%2Fmedia&parent=5910"}],"wp:term":[{"taxonomy":"category","embeddable":true,"href":"https:\/\/www.ecuadoraldia.com.ec\/index.php?rest_route=%2Fwp%2Fv2%2Fcategories&post=5910"},{"taxonomy":"post_tag","embeddable":true,"href":"https:\/\/www.ecuadoraldia.com.ec\/index.php?rest_route=%2Fwp%2Fv2%2Ftags&post=5910"}],"curies":[{"name":"wp","href":"https:\/\/api.w.org\/{rel}","templated":true}]}}