{"id":5920,"date":"2014-11-11T21:35:45","date_gmt":"2014-11-11T21:35:45","guid":{"rendered":"http:\/\/www.ecuadoraldia.com.ec\/?p=5920"},"modified":"2014-11-11T21:35:45","modified_gmt":"2014-11-11T21:35:45","slug":"presidente-correa-reitera-apoyo-del-gobierno-a-riobamba","status":"publish","type":"post","link":"https:\/\/www.ecuadoraldia.com.ec\/?p=5920","title":{"rendered":"Presidente Correa  reitera  apoyo del Gobierno a Riobamba"},"content":{"rendered":"<figure id=\"attachment_5921\" aria-describedby=\"caption-attachment-5921\" style=\"width: 300px\" class=\"wp-caption alignleft\"><a href=\"http:\/\/www.ecuadoraldia.com.ec\/wp-content\/uploads\/2014\/11\/rafa-chimborazo.jpg\"><img loading=\"lazy\" decoding=\"async\" class=\"size-medium wp-image-5921\" src=\"http:\/\/www.ecuadoraldia.com.ec\/wp-content\/uploads\/2014\/11\/rafa-chimborazo-300x144.jpg\" alt=\"foto internet\" width=\"300\" height=\"144\" srcset=\"https:\/\/www.ecuadoraldia.com.ec\/wp-content\/uploads\/2014\/11\/rafa-chimborazo-300x144.jpg 300w, https:\/\/www.ecuadoraldia.com.ec\/wp-content\/uploads\/2014\/11\/rafa-chimborazo.jpg 323w\" sizes=\"(max-width: 300px) 100vw, 300px\" \/><\/a><figcaption id=\"caption-attachment-5921\" class=\"wp-caption-text\">foto internet<\/figcaption><\/figure>\n<p style=\"text-align: justify;\">Riobamba .- El Presidente de la Rep\u00fablica, Rafael Correa, particip\u00f3 de la Sesi\u00f3n Solemne por los 194 a\u00f1os de Independencia de Riobamba. Este fue el momento para reiterar que la Revoluci\u00f3n Ciudadana ha apoyado varios proyectos importantes en esta ciudad, como la recuperaci\u00f3n del tren, las estaciones de pasajeros, v\u00edas y dem\u00e1s, adem\u00e1s de la reconstrucci\u00f3n del emblem\u00e1tico colegio San Vicente de Pa\u00fal, afectado por un incendio.<\/p>\n<p style=\"text-align: justify;\">En su discurso, el Primer Mandatario mencion\u00f3 que la INVERSI\u00d3N hecha en educaci\u00f3n, salud, seguridad y otros aspectos, como la entrega de 12 unidades de vigilancia comunitaria y la reciente implementaci\u00f3n del sistema ECU911 en esta ciudad.<\/p>\n<p style=\"text-align: justify;\">Tambi\u00e9n record\u00f3 que se apoy\u00f3 la culminaci\u00f3n de la v\u00eda Riobamba-Macas, una obra que estuvo parada por varias d\u00e9cadas. \u201cEsa es la integraci\u00f3n nacional\u201d, acot\u00f3 y reiter\u00f3 que la rehabilitaci\u00f3n de la v\u00eda, como una de las m\u00e1s importantes para unir Sierra y Costa.<\/p>\n<p style=\"text-align: justify;\">Adem\u00e1s, inform\u00f3 que a inicios de 2015, se entregar\u00e1 rehabilitada la avenida Circunvalaci\u00f3n y obras integrales que bordean la ciudad, inform\u00f3 el Mandatario. Record\u00f3 el grito libertario que se gast\u00f3 en la denominada Sultana de los Andes, y rememor\u00f3 que fue el pueblo el que encendi\u00f3 esta llama de la libertad hasta desembocar desde 1820 hasta el 24 de Mayo.<\/p>\n<p style=\"text-align: justify;\">En su discurso, el Jefe de Estado rindi\u00f3 homenaje a los ecuatorianos ilustres como Pedro Vicente Maldonado, uno de los m\u00e1s importantes cient\u00edficos del Ecuador, as\u00ed como al padre Juan de Velasco, insigne historiador del siglo XVIII, ambos riobambe\u00f1os, cuna adem\u00e1s de muchas primicias.<\/p>\n<p style=\"text-align: justify;\">Por su parte, el alcalde de la ciudad, Napole\u00f3n Cadena, afirm\u00f3 que el Gobierno local apoya la gesti\u00f3n del Presidente, pues han palpado las obras y la planificaci\u00f3n que las diversas instituciones han logrado con el Municipio.<\/p>\n<p style=\"text-align: justify;\">\u201cEstamos trabajando hombro a hombro con el Gobierno Nacional\u201d, dijo el burgomaestre. Las autoridades CITARON los hechos de esta emancipaci\u00f3n.<\/p>\n<p style=\"text-align: justify;\">Por ejemplo, como el s\u00e1bado 11 de noviembre de 1820, llegaron a Riobamba las noticias del triunfo de las fuerzas patriotas sobre las realistas en el Camino Real, seg\u00fan la historia. El domingo 12 de noviembre de 1820, las fuerzas espa\u00f1olas se refugiaron en Ambato y los patriotas locales atacaron el cuartel de Fominaya, entre las 08:00 y las 11:00. La victoria fue total. Este proceso concluy\u00f3 y se consolid\u00f3 con la Batalla del Pichincha de 1822.<\/p>\n<p style=\"text-align: justify;\">Hoy, m\u00e1s de 60 instituciones educativas le rindieron homenaje a la \u2018Sultana de los Andes\u2019, con el desfile estudiantil donde instituciones tradicionales, como el colegio San Felipe Neri, Edmundo Chiriboga, Pedro Vicente Maldonado. \/ El Ciudadano<\/p>\n","protected":false},"excerpt":{"rendered":"<p>Riobamba .- El Presidente de la Rep\u00fablica, Rafael Correa, particip\u00f3 de la Sesi\u00f3n Solemne por los 194 a\u00f1os de Independencia<\/p>\n","protected":false},"author":1,"featured_media":0,"comment_status":"open","ping_status":"open","sticky":false,"template":"","format":"standard","meta":{"footnotes":""},"categories":[1],"tags":[],"_links":{"self":[{"href":"https:\/\/www.ecuadoraldia.com.ec\/index.php?rest_route=\/wp\/v2\/posts\/5920"}],"collection":[{"href":"https:\/\/www.ecuadoraldia.com.ec\/index.php?rest_route=\/wp\/v2\/posts"}],"about":[{"href":"https:\/\/www.ecuadoraldia.com.ec\/index.php?rest_route=\/wp\/v2\/types\/post"}],"author":[{"embeddable":true,"href":"https:\/\/www.ecuadoraldia.com.ec\/index.php?rest_route=\/wp\/v2\/users\/1"}],"replies":[{"embeddable":true,"href":"https:\/\/www.ecuadoraldia.com.ec\/index.php?rest_route=%2Fwp%2Fv2%2Fcomments&post=5920"}],"version-history":[{"count":1,"href":"https:\/\/www.ecuadoraldia.com.ec\/index.php?rest_route=\/wp\/v2\/posts\/5920\/revisions"}],"predecessor-version":[{"id":5922,"href":"https:\/\/www.ecuadoraldia.com.ec\/index.php?rest_route=\/wp\/v2\/posts\/5920\/revisions\/5922"}],"wp:attachment":[{"href":"https:\/\/www.ecuadoraldia.com.ec\/index.php?rest_route=%2Fwp%2Fv2%2Fmedia&parent=5920"}],"wp:term":[{"taxonomy":"category","embeddable":true,"href":"https:\/\/www.ecuadoraldia.com.ec\/index.php?rest_route=%2Fwp%2Fv2%2Fcategories&post=5920"},{"taxonomy":"post_tag","embeddable":true,"href":"https:\/\/www.ecuadoraldia.com.ec\/index.php?rest_route=%2Fwp%2Fv2%2Ftags&post=5920"}],"curies":[{"name":"wp","href":"https:\/\/api.w.org\/{rel}","templated":true}]}}