{"id":6104,"date":"2014-11-25T21:19:57","date_gmt":"2014-11-25T21:19:57","guid":{"rendered":"http:\/\/www.ecuadoraldia.com.ec\/?p=6104"},"modified":"2014-11-25T21:19:57","modified_gmt":"2014-11-25T21:19:57","slug":"santos-liberacion-de-soldados-muestra-madurez-de-proceso-de-paz","status":"publish","type":"post","link":"https:\/\/www.ecuadoraldia.com.ec\/?p=6104","title":{"rendered":"Santos: Liberaci\u00f3n de soldados muestra \u00abmadurez de proceso de paz\u00a0"},"content":{"rendered":"<figure id=\"attachment_6105\" aria-describedby=\"caption-attachment-6105\" style=\"width: 300px\" class=\"wp-caption alignleft\"><a href=\"http:\/\/www.ecuadoraldia.com.ec\/wp-content\/uploads\/2014\/11\/soldados-liberados-farc.jpg\"><img loading=\"lazy\" decoding=\"async\" class=\"size-medium wp-image-6105\" src=\"http:\/\/www.ecuadoraldia.com.ec\/wp-content\/uploads\/2014\/11\/soldados-liberados-farc-300x144.jpg\" alt=\"Farc liberan soldados secuestrados\" width=\"300\" height=\"144\" srcset=\"https:\/\/www.ecuadoraldia.com.ec\/wp-content\/uploads\/2014\/11\/soldados-liberados-farc-300x144.jpg 300w, https:\/\/www.ecuadoraldia.com.ec\/wp-content\/uploads\/2014\/11\/soldados-liberados-farc.jpg 450w\" sizes=\"(max-width: 300px) 100vw, 300px\" \/><\/a><figcaption id=\"caption-attachment-6105\" class=\"wp-caption-text\">Farc liberan soldados secuestrados<\/figcaption><\/figure>\n<p>AFP. El presidente de Colombia, Juan Manuel Santos, dijo que la liberaci\u00f3n este martes de 2 soldados por parte de las FARC evidencia la consolidaci\u00f3n del proceso de paz que su Gobierno mantiene desde hace 2 a\u00f1os con esa guerrilla.<\/p>\n<p>\u00abEsto es un paso importante que demuestra la madurez del proceso de paz\u00bb, dijo el mandatario, en alusi\u00f3n a esta liberaci\u00f3n que precede a la entrega anunciada tambi\u00e9n para esta semana de un general del Ej\u00e9rcito, condici\u00f3n del Gobierno para reanudar las negociaciones con las Fuerzas Armadas Revolucionarias de Colombia (FARC).<\/p>\n<p>El Presidente agradeci\u00f3 a la misi\u00f3n humanitaria que facilit\u00f3 la entrega de los soldados, integrada por miembros del Comit\u00e9 Internacional de la Cruz (CICR) y delegados de los gobiernos de Noruega y Cuba, garantes del proceso de paz.<\/p>\n<p>\u00abPaulo Rivera y Jonathan D\u00edaz ya estan en manos del Ej\u00e9rcito y con sus familias\u00bb, se\u00f1al\u00f3 Santos en un encuentro con l\u00edderes regionales en Mocoa, departamento de Putumayo (suroeste).<\/p>\n<p>El gobierno aguarda ahora la liberaci\u00f3n del brigadier general Rub\u00e9n Alzate, el oficial de m\u00e1s alto rango capturado por las FARC en 50 a\u00f1os de conflicto armado, as\u00ed como el cabo Jorge Rodr\u00edguez y la abogada Gloria Urrego, retenidos el domingo 16 en el departamento de Choc\u00f3 (oeste), en la costa del Pac\u00edfico.<\/p>\n<p>\u00abEsperamos pronto retorno del BG. Alzate y sus acompa\u00f1antes\u00bb, escribi\u00f3 Santos este martes en su cuenta de la red Twitter.<\/p>\n<p>Horas antes, los 2 soldados del Ej\u00e9rcito colombiano que estaban en poder de la guerrilla de las FARC fueron liberados en una zona rural del departamento de Arauca, nordeste de Colombia, inform\u00f3 la misi\u00f3n humanitaria que los recibi\u00f3.<\/p>\n<p style=\"text-align: justify;\">Paulo C\u00e9sar Rivera, de 24 a\u00f1os, y Jonathan Andr\u00e9s D\u00edaz, de 23, fueron recibidos tras la liberaci\u00f3n por personal del Comit\u00e9 Internacional de la Cruz Roja (CICR) y representantes de los gobiernos de Cuba y Noruega. Ellos hab\u00edan sido retenidos el 9 de noviembre tras combates en una zona rural de la localidad de Tame, en el departamento de Arauca (este, fronterizo con Venezuela).<\/p>\n<p style=\"text-align: justify;\">Tras ser examinados por un m\u00e9dico que integraba la misi\u00f3n, los militares fueron trasladados en un helic\u00f3ptero con el emblema del CICR hasta Tame, donde fueron entregados a representantes del Ej\u00e9rcito.<\/p>\n<p style=\"text-align: justify;\">Una portavoz dijo que los soldados \u00abest\u00e1n en buen estado\u00bb. Pasadas las 12:00 locales, los uniformados llegaron a Bogot\u00e1.<\/p>\n<p style=\"text-align: justify;\">Antes del fin de semana<\/p>\n<p style=\"text-align: justify;\">Desde La Habana, las FARC manifestaron que conf\u00edan en que el general Alzate est\u00e9 en su hogar este fin de semana, pero reclam\u00f3 que el Gobierno colombiano garantice la seguridad del procedimiento.<\/p>\n<p>\u00abPensamos que el fin de semana el general ya va a estar en su casa\u00bb, dijo alias Rub\u00edn Morro, uno de los negociadores de las FARC. \u00abEl Gobierno tiene que cumplir el protocolo, nosotros tenemos todo preparado\u00bb, agreg\u00f3.<\/p>\n<p>Morro dijo que la inesperada presencia de una patrulla militar en Arauca esta ma\u00f1ana oblig\u00f3 a cambiar el lugar de entrega de los 2 soldados, un incidente que la guerrilla espera no se presente en la liberaci\u00f3n de Alzate y los otros 2 cautivos.<\/p>\n<p>M\u00e1s temprano, el jefe negociador de la guerrilla, alias Iv\u00e1n M\u00e1rquez, hab\u00eda pedido el cese \u00abinmediato\u00bb de los operativos militares para facilitar las \u00faltimas liberaciones.<\/p>\n<p>La portavoz del CICR, Laura G\u00f3mez, indic\u00f3 a periodistas que \u00abla operaci\u00f3n est\u00e1 en proceso\u00bb en Choc\u00f3, pero no detall\u00f3 lugar ni fecha.<\/p>\n<p>En Quibd\u00f3, el general Leonardo Pinto indic\u00f3 que est\u00e1n dadas las condiciones para la liberaci\u00f3n y que las \u00fanicas actividades militares son de control y protecci\u00f3n ciudadana.<\/p>\n<p style=\"text-align: justify;\">\nAFP. El presidente de Colombia, Juan Manuel Santos, dijo que la liberaci\u00f3n este martes de 2 soldados por parte de las FARC evidencia la consolidaci\u00f3n del proceso de paz que su Gobierno mantiene desde hace 2 a\u00f1os con esa guerrilla.<\/p>\n<p style=\"text-align: justify;\">\u00abEsto es un paso importante que demuestra la madurez del proceso de paz\u00bb, dijo el mandatario, en alusi\u00f3n a esta liberaci\u00f3n que precede a la entrega anunciada tambi\u00e9n para esta semana de un general del Ej\u00e9rcito, condici\u00f3n del Gobierno para reanudar las negociaciones con las Fuerzas Armadas Revolucionarias de Colombia (FARC).<\/p>\n<p style=\"text-align: justify;\">El Presidente agradeci\u00f3 a la misi\u00f3n humanitaria que facilit\u00f3 la entrega de los soldados, integrada por miembros del Comit\u00e9 Internacional de la Cruz (CICR) y delegados de los gobiernos de Noruega y Cuba, garantes del proceso de paz.<\/p>\n<p style=\"text-align: justify;\">\u00abPaulo Rivera y Jonathan D\u00edaz ya estan en manos del Ej\u00e9rcito y con sus familias\u00bb, se\u00f1al\u00f3 Santos en un encuentro con l\u00edderes regionales en Mocoa, departamento de Putumayo (suroeste).<\/p>\n<p style=\"text-align: justify;\">El gobierno aguarda ahora la liberaci\u00f3n del brigadier general Rub\u00e9n Alzate, el oficial de m\u00e1s alto rango capturado por las FARC en 50 a\u00f1os de conflicto armado, as\u00ed como el cabo Jorge Rodr\u00edguez y la abogada Gloria Urrego, retenidos el domingo 16 en el departamento de Choc\u00f3 (oeste), en la costa del Pac\u00edfico.<\/p>\n<p style=\"text-align: justify;\">\u00abEsperamos pronto retorno del BG. Alzate y sus acompa\u00f1antes\u00bb, escribi\u00f3 Santos este martes en su cuenta de la red Twitter.<\/p>\n<p style=\"text-align: justify;\">Horas antes, los 2 soldados del Ej\u00e9rcito colombiano que estaban en poder de la guerrilla de las FARC fueron liberados en una zona rural del departamento de Arauca, nordeste de Colombia, inform\u00f3 la misi\u00f3n humanitaria que los recibi\u00f3.<\/p>\n<p style=\"text-align: justify;\">Paulo C\u00e9sar Rivera, de 24 a\u00f1os, y Jonathan Andr\u00e9s D\u00edaz, de 23, fueron recibidos tras la liberaci\u00f3n por personal del Comit\u00e9 Internacional de la Cruz Roja (CICR) y representantes de los gobiernos de Cuba y Noruega. Ellos hab\u00edan sido retenidos el 9 de noviembre tras combates en una zona rural de la localidad de Tame, en el departamento de Arauca (este, fronterizo con Venezuela).<\/p>\n<p style=\"text-align: justify;\">Tras ser examinados por un m\u00e9dico que integraba la misi\u00f3n, los militares fueron trasladados en un helic\u00f3ptero con el emblema del CICR hasta Tame, donde fueron entregados a representantes del Ej\u00e9rcito.<\/p>\n<p style=\"text-align: justify;\">Una portavoz dijo que los soldados \u00abest\u00e1n en buen estado\u00bb. Pasadas las 12:00 locales, los uniformados llegaron a Bogot\u00e1.<\/p>\n<p style=\"text-align: justify;\">Antes del fin de semana<\/p>\n<p style=\"text-align: justify;\">Desde La Habana, las FARC manifestaron que conf\u00edan en que el general Alzate est\u00e9 en su hogar este fin de semana, pero reclam\u00f3 que el Gobierno colombiano garantice la seguridad del procedimiento.<\/p>\n<p style=\"text-align: justify;\">\u00abPensamos que el fin de semana el general ya va a estar en su casa\u00bb, dijo alias Rub\u00edn Morro, uno de los negociadores de las FARC. \u00abEl Gobierno tiene que cumplir el protocolo, nosotros tenemos todo preparado\u00bb, agreg\u00f3.<\/p>\n<p style=\"text-align: justify;\">Morro dijo que la inesperada presencia de una patrulla militar en Arauca esta ma\u00f1ana oblig\u00f3 a cambiar el lugar de entrega de los 2 soldados, un incidente que la guerrilla espera no se presente en la liberaci\u00f3n de Alzate y los otros 2 cautivos.<\/p>\n<p style=\"text-align: justify;\">M\u00e1s temprano, el jefe negociador de la guerrilla, alias Iv\u00e1n M\u00e1rquez, hab\u00eda pedido el cese \u00abinmediato\u00bb de los operativos militares para facilitar las \u00faltimas liberaciones.<\/p>\n<p style=\"text-align: justify;\">La portavoz del CICR, Laura G\u00f3mez, indic\u00f3 a periodistas que \u00abla operaci\u00f3n est\u00e1 en proceso\u00bb en Choc\u00f3, pero no detall\u00f3 lugar ni fecha.<\/p>\n<p style=\"text-align: justify;\">En Quibd\u00f3, el general Leonardo Pinto indic\u00f3 que est\u00e1n dadas las condiciones para la liberaci\u00f3n y que las \u00fanicas actividades militares son de control y protecci\u00f3n ciudadana.<\/p>\n","protected":false},"excerpt":{"rendered":"<p>AFP. El presidente de Colombia, Juan Manuel Santos, dijo que la liberaci\u00f3n este martes de 2 soldados por parte de<\/p>\n","protected":false},"author":1,"featured_media":0,"comment_status":"open","ping_status":"open","sticky":false,"template":"","format":"standard","meta":{"footnotes":""},"categories":[7],"tags":[],"_links":{"self":[{"href":"https:\/\/www.ecuadoraldia.com.ec\/index.php?rest_route=\/wp\/v2\/posts\/6104"}],"collection":[{"href":"https:\/\/www.ecuadoraldia.com.ec\/index.php?rest_route=\/wp\/v2\/posts"}],"about":[{"href":"https:\/\/www.ecuadoraldia.com.ec\/index.php?rest_route=\/wp\/v2\/types\/post"}],"author":[{"embeddable":true,"href":"https:\/\/www.ecuadoraldia.com.ec\/index.php?rest_route=\/wp\/v2\/users\/1"}],"replies":[{"embeddable":true,"href":"https:\/\/www.ecuadoraldia.com.ec\/index.php?rest_route=%2Fwp%2Fv2%2Fcomments&post=6104"}],"version-history":[{"count":1,"href":"https:\/\/www.ecuadoraldia.com.ec\/index.php?rest_route=\/wp\/v2\/posts\/6104\/revisions"}],"predecessor-version":[{"id":6106,"href":"https:\/\/www.ecuadoraldia.com.ec\/index.php?rest_route=\/wp\/v2\/posts\/6104\/revisions\/6106"}],"wp:attachment":[{"href":"https:\/\/www.ecuadoraldia.com.ec\/index.php?rest_route=%2Fwp%2Fv2%2Fmedia&parent=6104"}],"wp:term":[{"taxonomy":"category","embeddable":true,"href":"https:\/\/www.ecuadoraldia.com.ec\/index.php?rest_route=%2Fwp%2Fv2%2Fcategories&post=6104"},{"taxonomy":"post_tag","embeddable":true,"href":"https:\/\/www.ecuadoraldia.com.ec\/index.php?rest_route=%2Fwp%2Fv2%2Ftags&post=6104"}],"curies":[{"name":"wp","href":"https:\/\/api.w.org\/{rel}","templated":true}]}}