{"id":6107,"date":"2014-11-25T21:28:50","date_gmt":"2014-11-25T21:28:50","guid":{"rendered":"http:\/\/www.ecuadoraldia.com.ec\/?p=6107"},"modified":"2014-11-25T21:28:50","modified_gmt":"2014-11-25T21:28:50","slug":"familia-de-michael-brown-considera-que-decision-de-jurado-es-injusta","status":"publish","type":"post","link":"https:\/\/www.ecuadoraldia.com.ec\/?p=6107","title":{"rendered":"Familia de Michael Brown considera que decisi\u00f3n de jurado es \u00abinjusta\u00bb"},"content":{"rendered":"<p><a href=\"http:\/\/www.ecuadoraldia.com.ec\/wp-content\/uploads\/2014\/11\/disturbios-EU.jpg\"><img loading=\"lazy\" decoding=\"async\" class=\"alignleft size-medium wp-image-6108\" src=\"http:\/\/www.ecuadoraldia.com.ec\/wp-content\/uploads\/2014\/11\/disturbios-EU-300x200.jpg\" alt=\"disturbios EU\" width=\"300\" height=\"200\" srcset=\"https:\/\/www.ecuadoraldia.com.ec\/wp-content\/uploads\/2014\/11\/disturbios-EU-300x200.jpg 300w, https:\/\/www.ecuadoraldia.com.ec\/wp-content\/uploads\/2014\/11\/disturbios-EU.jpg 304w\" sizes=\"(max-width: 300px) 100vw, 300px\" \/><\/a>AFP: El abogado de la familia de Michael Brown, el joven negro asesinado en agosto en Ferguson (Missouri, Estados Unidos), denunci\u00f3 este martes la \u00abdecisi\u00f3n injusta\u00bb de no llevar ante la justicia al polic\u00eda blanco autor de los disparos.<\/p>\n<p style=\"text-align: justify;\">\u00abHemos podido constatar hasta qu\u00e9 punto esta decisi\u00f3n es injusta. Protestamos abierta y fuertemente en nombre de Michael Brown\u00bb, indic\u00f3 Benjamin Crump en rueda de prensa despu\u00e9s de la decisi\u00f3n de un gran jurado la noche del lunes de no enjuiciar a Darren Wilson.<\/p>\n<p style=\"text-align: justify;\">Columnas de humo se observaban esta ma\u00f1ana despedidas de edificios, as\u00ed como trozos de vidrios en las calles del vecindario de Ferguson, donde se registraron manifestaciones violentas, despu\u00e9s de que un jurado de investigaci\u00f3n decidi\u00f3 que no hab\u00eda motivos para acusar enjuiciar al polic\u00eda Darren Wilson por la muerte de Brown, de 18 a\u00f1os.<\/p>\n<p style=\"text-align: justify;\">Los bomberos arrojaban chorros de agua sobre los restos calcinados de algunos comercios y por lo menos un edificio estaba todav\u00eda en llamas. Algunos comercios de este suburbio de St. Louis que no fueron incendiados por las turbas ten\u00edan las vitrinas rotas.<\/p>\n<p style=\"text-align: justify;\">Las protestas del lunes por la noche fueron mucho m\u00e1s destructivas de las dem\u00e1s que siguieron a la muerte de Brown el 9 de agosto.<\/p>\n<p style=\"text-align: justify;\">En Ferguson se practicaron 61 arrestos durante la noche. Pero las protestas se extendieron tambi\u00e9n hasta otros puntos de Estados Unidos.<\/p>\n<p style=\"text-align: justify;\">\u00ab<\/p>\n","protected":false},"excerpt":{"rendered":"<p>AFP: El abogado de la familia de Michael Brown, el joven negro asesinado en agosto en Ferguson (Missouri, Estados Unidos),<\/p>\n","protected":false},"author":1,"featured_media":0,"comment_status":"open","ping_status":"open","sticky":false,"template":"","format":"standard","meta":{"footnotes":""},"categories":[7],"tags":[],"_links":{"self":[{"href":"https:\/\/www.ecuadoraldia.com.ec\/index.php?rest_route=\/wp\/v2\/posts\/6107"}],"collection":[{"href":"https:\/\/www.ecuadoraldia.com.ec\/index.php?rest_route=\/wp\/v2\/posts"}],"about":[{"href":"https:\/\/www.ecuadoraldia.com.ec\/index.php?rest_route=\/wp\/v2\/types\/post"}],"author":[{"embeddable":true,"href":"https:\/\/www.ecuadoraldia.com.ec\/index.php?rest_route=\/wp\/v2\/users\/1"}],"replies":[{"embeddable":true,"href":"https:\/\/www.ecuadoraldia.com.ec\/index.php?rest_route=%2Fwp%2Fv2%2Fcomments&post=6107"}],"version-history":[{"count":1,"href":"https:\/\/www.ecuadoraldia.com.ec\/index.php?rest_route=\/wp\/v2\/posts\/6107\/revisions"}],"predecessor-version":[{"id":6109,"href":"https:\/\/www.ecuadoraldia.com.ec\/index.php?rest_route=\/wp\/v2\/posts\/6107\/revisions\/6109"}],"wp:attachment":[{"href":"https:\/\/www.ecuadoraldia.com.ec\/index.php?rest_route=%2Fwp%2Fv2%2Fmedia&parent=6107"}],"wp:term":[{"taxonomy":"category","embeddable":true,"href":"https:\/\/www.ecuadoraldia.com.ec\/index.php?rest_route=%2Fwp%2Fv2%2Fcategories&post=6107"},{"taxonomy":"post_tag","embeddable":true,"href":"https:\/\/www.ecuadoraldia.com.ec\/index.php?rest_route=%2Fwp%2Fv2%2Ftags&post=6107"}],"curies":[{"name":"wp","href":"https:\/\/api.w.org\/{rel}","templated":true}]}}