{"id":6110,"date":"2014-11-25T21:34:46","date_gmt":"2014-11-25T21:34:46","guid":{"rendered":"http:\/\/www.ecuadoraldia.com.ec\/?p=6110"},"modified":"2014-11-25T21:34:46","modified_gmt":"2014-11-25T21:34:46","slug":"asamblea-condena-la-violencia-contra-la-mujer","status":"publish","type":"post","link":"https:\/\/www.ecuadoraldia.com.ec\/?p=6110","title":{"rendered":"Asamblea condena la violencia contra la mujer"},"content":{"rendered":"<p style=\"text-align: justify;\"><a href=\"http:\/\/www.ecuadoraldia.com.ec\/wp-content\/uploads\/2014\/11\/asambleamujer_.jpg\"><img loading=\"lazy\" decoding=\"async\" class=\"alignleft  wp-image-6111\" src=\"http:\/\/www.ecuadoraldia.com.ec\/wp-content\/uploads\/2014\/11\/asambleamujer_-300x199.jpg\" alt=\"asambleamujer_\" width=\"216\" height=\"143\" srcset=\"https:\/\/www.ecuadoraldia.com.ec\/wp-content\/uploads\/2014\/11\/asambleamujer_-300x199.jpg 300w, https:\/\/www.ecuadoraldia.com.ec\/wp-content\/uploads\/2014\/11\/asambleamujer_.jpg 380w\" sizes=\"(max-width: 216px) 100vw, 216px\" \/><\/a>La Asamblea Nacional aprob\u00f3 esta ma\u00f1ana por unanimidad un proyecto de resoluci\u00f3n en el que condena la violencia contra la mujer. En la sesi\u00f3n del pleno estuvieron 111 asamble\u00edstas.<\/p>\n<p style=\"text-align: justify;\">En la normativa, el Legislativo rechaza cualquier forma de violencia contra la mujer y promueve la construcci\u00f3n de pol\u00edticas y planes de erradicaci\u00f3n de la violencia contra el g\u00e9nero.<\/p>\n<p style=\"text-align: justify;\">Hoy se recuerda el D\u00eda Internacional de la Eliminaci\u00f3n de la Violencia contra la Mujer, que fue aprobado por la Asamblea General de las Naciones Unidas en 1999, al recordar la reprochable muerte de las hermanas Mirabal, en la dictadura de Rafael Leonidas Trujillo (Rep\u00fablica Dominicana), en 1960. Las mujeres fueron encarceladas, violadas, torturadas y finalmente ejecutadas.<\/p>\n<p style=\"text-align: justify;\">Gabriela Rivadeneira, presidenta de la Asamblea, propuso la resoluci\u00f3n. Dijo que \u00abla violencia contra la mujer responde a una cultura machista\u00bb. \u00abLa violencia est\u00e1 arraigada en la sociedad como parte de su matriz cultural\u00bb, se\u00f1al\u00f3.<\/p>\n<p style=\"text-align: justify;\">A su criterio, la pobreza y la marginalidad son formas de violencia que recaen en las mujeres. Convoc\u00f3 a trabajar por una sociedad de convivencia de hombres y mujeres, en igualdad de oportunidades y respeto. \u00abLa violencia contra la mujer no es un problema dom\u00e9stico es un problema social de todas y todos\u00bb, dijo.<\/p>\n<p style=\"text-align: justify;\">Para la presidenta de la Asamblea, es necesario romper con los estereotipos de g\u00e9nero, hombres y mujeres deben convivir en igualdad en una sociedad emancipada. \u00abM\u00e1s que un debate es un juicio que reproduce la violencia contra la mujer\u00bb, indic\u00f3, pues recalc\u00f3 que el problema de la violencia es \u00abestructural\u00bb.<\/p>\n<p style=\"text-align: justify;\">Dijo que a su criterio se debe \u00abprevenir y erradicar la violencia, la subordinaci\u00f3n y discriminaci\u00f3n de una sociedad machista, moldeada por par\u00e1metros del patriarcado\u00bb. (Tomado de el telegrafo)<\/p>\n","protected":false},"excerpt":{"rendered":"<p>La Asamblea Nacional aprob\u00f3 esta ma\u00f1ana por unanimidad un proyecto de resoluci\u00f3n en el que condena la violencia contra la<\/p>\n","protected":false},"author":1,"featured_media":0,"comment_status":"open","ping_status":"open","sticky":false,"template":"","format":"standard","meta":{"footnotes":""},"categories":[3],"tags":[],"_links":{"self":[{"href":"https:\/\/www.ecuadoraldia.com.ec\/index.php?rest_route=\/wp\/v2\/posts\/6110"}],"collection":[{"href":"https:\/\/www.ecuadoraldia.com.ec\/index.php?rest_route=\/wp\/v2\/posts"}],"about":[{"href":"https:\/\/www.ecuadoraldia.com.ec\/index.php?rest_route=\/wp\/v2\/types\/post"}],"author":[{"embeddable":true,"href":"https:\/\/www.ecuadoraldia.com.ec\/index.php?rest_route=\/wp\/v2\/users\/1"}],"replies":[{"embeddable":true,"href":"https:\/\/www.ecuadoraldia.com.ec\/index.php?rest_route=%2Fwp%2Fv2%2Fcomments&post=6110"}],"version-history":[{"count":1,"href":"https:\/\/www.ecuadoraldia.com.ec\/index.php?rest_route=\/wp\/v2\/posts\/6110\/revisions"}],"predecessor-version":[{"id":6112,"href":"https:\/\/www.ecuadoraldia.com.ec\/index.php?rest_route=\/wp\/v2\/posts\/6110\/revisions\/6112"}],"wp:attachment":[{"href":"https:\/\/www.ecuadoraldia.com.ec\/index.php?rest_route=%2Fwp%2Fv2%2Fmedia&parent=6110"}],"wp:term":[{"taxonomy":"category","embeddable":true,"href":"https:\/\/www.ecuadoraldia.com.ec\/index.php?rest_route=%2Fwp%2Fv2%2Fcategories&post=6110"},{"taxonomy":"post_tag","embeddable":true,"href":"https:\/\/www.ecuadoraldia.com.ec\/index.php?rest_route=%2Fwp%2Fv2%2Ftags&post=6110"}],"curies":[{"name":"wp","href":"https:\/\/api.w.org\/{rel}","templated":true}]}}