{"id":6113,"date":"2014-11-25T21:48:34","date_gmt":"2014-11-25T21:48:34","guid":{"rendered":"http:\/\/www.ecuadoraldia.com.ec\/?p=6113"},"modified":"2014-11-25T21:48:34","modified_gmt":"2014-11-25T21:48:34","slug":"onu-mujeres-y-unasur-firman-plan-de-accion-para-erradicar-la-violencia-de-genero","status":"publish","type":"post","link":"https:\/\/www.ecuadoraldia.com.ec\/?p=6113","title":{"rendered":"ONU Mujeres y Unasur firman plan de acci\u00f3n para erradicar la violencia de g\u00e9nero"},"content":{"rendered":"<p style=\"text-align: justify;\">Quito, 25 nov<a href=\"http:\/\/www.ecuadoraldia.com.ec\/wp-content\/uploads\/2014\/11\/onu-mujeres-y-unsur.jpg\"><img loading=\"lazy\" decoding=\"async\" class=\"alignleft  wp-image-6114\" src=\"http:\/\/www.ecuadoraldia.com.ec\/wp-content\/uploads\/2014\/11\/onu-mujeres-y-unsur-300x174.jpg\" alt=\"onu mujeres y unsur\" width=\"190\" height=\"110\" srcset=\"https:\/\/www.ecuadoraldia.com.ec\/wp-content\/uploads\/2014\/11\/onu-mujeres-y-unsur-300x174.jpg 300w, https:\/\/www.ecuadoraldia.com.ec\/wp-content\/uploads\/2014\/11\/onu-mujeres-y-unsur.jpg 580w\" sizes=\"(max-width: 190px) 100vw, 190px\" \/><\/a>.- La oficina de las Naciones Unidas para promover la equidad de g\u00e9nero (ONU Mujeres) y la Uni\u00f3n de Naciones Suramericanas (Unasur) lanzaron este martes en la capital ecuatoriana un plan de acci\u00f3n conjunto hasta 2017, a prop\u00f3sito del D\u00eda Internacional Contra la Violencia de la Mujer.<\/p>\n<p style=\"text-align: justify;\">El plan busca impulsar iniciativas concretas en materia de salud, seguridad, educaci\u00f3n y desarrollo de la mujer y as\u00ed reducir y eliminar la inequidad y la violencia de g\u00e9nero.<\/p>\n<p style=\"text-align: justify;\">La representante de ONU Mujeres en Ecuador, Moni Pizani, explic\u00f3 que entre las propuestas de trabajo consta la ejecuci\u00f3n de un diagn\u00f3stico inicial del estado de la situaci\u00f3n de la mujer en la regi\u00f3n. El estudio categorizar\u00e1 los niveles de violencia en varios aspectos y ser\u00e1 plasmado en un sem\u00e1foro: rojo, amarillo y verde que indicar\u00e1 niveles altos, medios y bajos de violencia, respectivamente.<\/p>\n<p style=\"text-align: justify;\">En el mundo, el 35% de mujeres ha experimentado alg\u00fan tipo de violencia f\u00edsica y\/o sexual, seg\u00fan ONU Mujeres.<\/p>\n<p style=\"text-align: justify;\">De su lado, el secretario general de Unasur, Ernesto Samper, revel\u00f3 que las mujeres latinoamericanas son quienes m\u00e1s sufren discriminaciones en temas laborales a escala mundial.<\/p>\n<p style=\"text-align: justify;\">\u201cLatinoam\u00e9rica se puede considerar la regi\u00f3n m\u00e1s desigual del planeta. Tenemos que eliminar la brechas de g\u00e9nero entre campo y ciudad, en salud, educaci\u00f3n (\u2026) El objetivo de Unasur empieza por la reducci\u00f3n de exclusi\u00f3n\u201d, sostuvo Samper.<\/p>\n<p style=\"text-align: justify;\">De igual forma enfatiz\u00f3 que la informalidad laboral es otra de las problem\u00e1ticas que golpea en el \u00e1mbito del empleo a la mujer. \u201cLa informalidad laboral afecta a un 56% de la poblaci\u00f3n latinoamericana\u201d, dijo.<\/p>\n<p style=\"text-align: justify;\">El tambi\u00e9n expresidente colombiano inst\u00f3 a los consejos sectoriales de la regi\u00f3n a que ayuden a caracterizar iniciativas concretas que beneficien a la mujer en la erradicaci\u00f3n de violencia.<\/p>\n<p style=\"text-align: justify;\">La presidenta de la Asamblea, Gabriela Rivadeneira, quien tambi\u00e9n particip\u00f3 del evento, resalt\u00f3 que en Ecuador, la participaci\u00f3n pol\u00edtica de la mujer se increment\u00f3 desde 2007 al 50% actualmente, mientras que en 1997 la participaci\u00f3n apenas registraba el 30% de presencia femenina.<\/p>\n<p style=\"text-align: justify;\">Adem\u00e1s, resalt\u00f3 como acciones concretas para erradicar la violencia de g\u00e9nero, la incorporaci\u00f3n de la figura del &#8216;femicidio&#8217; (o feminicidio) al C\u00f3digo Org\u00e1nico Integral Penal (COIP) y la inclusi\u00f3n de la prohibici\u00f3n del despido a mujeres embarazadas que se pretende incluir en el nuevo C\u00f3digo Laboral.<\/p>\n<p style=\"text-align: justify;\">Por su parte, la activista y pol\u00edtica dominicana Minuo Tav\u00e1rez, destac\u00f3 la figura de las hermanas Mirabal frente a la dictadura del gobierno de Rafael Trujillo. Las mujeres murieron a manos del r\u00e9gimen.<\/p>\n<p>Datos del Instituto Nacional de Estad\u00edstica y Censos (INEC) confirman que el 60,6% de las mujeres en Ecuador ha vivido alg\u00fan tipo de violencia. La violencia contra la mujer no tiene mayores diferencias entre zonas urbanas y rurales. En la zona urbana el porcentaje es de 61,4% y en la rural 58,7%.<\/p>\n<p>Seg\u00fan la Organizaci\u00f3n Mundial de la Salud, el fen\u00f3meno del feminicidio se ha convertido en una pandemia y uno de los primeros problemas con que se confronta es la falta de cifras y estad\u00edsticas oficiales y estandarizadas.\u00a0(Tomado de Andes)<\/p>\n","protected":false},"excerpt":{"rendered":"<p>Quito, 25 nov.- La oficina de las Naciones Unidas para promover la equidad de g\u00e9nero (ONU Mujeres) y la Uni\u00f3n<\/p>\n","protected":false},"author":1,"featured_media":0,"comment_status":"open","ping_status":"open","sticky":false,"template":"","format":"standard","meta":{"footnotes":""},"categories":[1],"tags":[],"_links":{"self":[{"href":"https:\/\/www.ecuadoraldia.com.ec\/index.php?rest_route=\/wp\/v2\/posts\/6113"}],"collection":[{"href":"https:\/\/www.ecuadoraldia.com.ec\/index.php?rest_route=\/wp\/v2\/posts"}],"about":[{"href":"https:\/\/www.ecuadoraldia.com.ec\/index.php?rest_route=\/wp\/v2\/types\/post"}],"author":[{"embeddable":true,"href":"https:\/\/www.ecuadoraldia.com.ec\/index.php?rest_route=\/wp\/v2\/users\/1"}],"replies":[{"embeddable":true,"href":"https:\/\/www.ecuadoraldia.com.ec\/index.php?rest_route=%2Fwp%2Fv2%2Fcomments&post=6113"}],"version-history":[{"count":1,"href":"https:\/\/www.ecuadoraldia.com.ec\/index.php?rest_route=\/wp\/v2\/posts\/6113\/revisions"}],"predecessor-version":[{"id":6115,"href":"https:\/\/www.ecuadoraldia.com.ec\/index.php?rest_route=\/wp\/v2\/posts\/6113\/revisions\/6115"}],"wp:attachment":[{"href":"https:\/\/www.ecuadoraldia.com.ec\/index.php?rest_route=%2Fwp%2Fv2%2Fmedia&parent=6113"}],"wp:term":[{"taxonomy":"category","embeddable":true,"href":"https:\/\/www.ecuadoraldia.com.ec\/index.php?rest_route=%2Fwp%2Fv2%2Fcategories&post=6113"},{"taxonomy":"post_tag","embeddable":true,"href":"https:\/\/www.ecuadoraldia.com.ec\/index.php?rest_route=%2Fwp%2Fv2%2Ftags&post=6113"}],"curies":[{"name":"wp","href":"https:\/\/api.w.org\/{rel}","templated":true}]}}