{"id":6163,"date":"2014-11-28T18:42:14","date_gmt":"2014-11-28T18:42:14","guid":{"rendered":"http:\/\/www.ecuadoraldia.com.ec\/?p=6163"},"modified":"2014-11-28T18:42:14","modified_gmt":"2014-11-28T18:42:14","slug":"se-cumple-simulacro-para-medir-capacidad-de-reaccion-en-guayaquil","status":"publish","type":"post","link":"https:\/\/www.ecuadoraldia.com.ec\/?p=6163","title":{"rendered":"Se cumple simulacro para medir capacidad de reacci\u00f3n en Guayaquil"},"content":{"rendered":"<p><a href=\"http:\/\/www.ecuadoraldia.com.ec\/wp-content\/uploads\/2014\/11\/simulacro_aeropuerto.jpg\"><img loading=\"lazy\" decoding=\"async\" class=\"alignleft size-medium wp-image-6164\" src=\"http:\/\/www.ecuadoraldia.com.ec\/wp-content\/uploads\/2014\/11\/simulacro_aeropuerto-300x162.jpg\" alt=\"simulacro_aeropuerto\" width=\"300\" height=\"162\" srcset=\"https:\/\/www.ecuadoraldia.com.ec\/wp-content\/uploads\/2014\/11\/simulacro_aeropuerto-300x162.jpg 300w, https:\/\/www.ecuadoraldia.com.ec\/wp-content\/uploads\/2014\/11\/simulacro_aeropuerto.jpg 600w\" sizes=\"(max-width: 300px) 100vw, 300px\" \/><\/a>Con la simulaci\u00f3n del reporte de un sismo de 7,8 grados en la escala de Richter se dio inicio la ma\u00f1ana de este viernes al simulacro de terremoto en Guayaquil, cuyo objetivo es medir la capacidad de respuesta, protocolos y planes de contingencia de los organismos de socorro y entidades p\u00fablicas y privadas.<\/p>\n<p>Esta simulaci\u00f3n es la quinta organizada por la Corporaci\u00f3n para la Seguridad Ciudadana (CSCG), que monitorea la situaci\u00f3n mediante el sistema \u00abOjos de \u00e1guila\u00bb. La entidad indic\u00f3 que luego del temblor simulado empezaron a llegar reportes de afectaciones que hicieron necesaria la instalaci\u00f3n del Comit\u00e9 de Operaciones de Emergencia (COE).<\/p>\n<p>El alcalde de Guayaquil, Jaime Nebot, lleg\u00f3 pasadas las 08:00 a la sede de la CSCG, en la avenida Juan Tanca Marengo, para presidir el COE ante la emergencia. Mientras, se reportaron varios incidentes en los 54 puntos de la ciudad donde los organismos de rescate ten\u00edan previsto actuar.<\/p>\n<p>Por ejemplo, en el hospital Luis Vernaza se procedi\u00f3 a la evacuaci\u00f3n de Centro de diagn\u00f3stico a causa de una ruptura de tuber\u00eda de gas en la cocina. Mientras, en la Cervecer\u00eda Nacional, ubicada en km 16.5 de la v\u00eda Daule, se registr\u00f3 una alarma de incendio, por lo que el personal tambi\u00e9n fue evacuado.<\/p>\n<p>Otro incendio simulado y evacuaci\u00f3n de personal de registr\u00f3 en un local de Movistar en la avenida 9 de Octubre y Quito. Las acciones tambi\u00e9n se dieron en los edificios de la Junta de Beneficencia (9 de Octubre y y Pedro Carbo) y en la Cruz Roja (Primero de Mayo y Quito), entre otros puntos.<\/p>\n<p>Adem\u00e1s, personas que estaban en el centro comercial San Marino (Av. Francisco de Orellana) tuvieron que abandonar el lugar ante la ficticia explosi\u00f3n de tanques de gas. Mientras que personal del aeropuerto internacional Jos\u00e9 Joaqu\u00edn de Olmedo dejaron sus puestos de trabajo por la emergencia, report\u00f3 el servicio ECU 911 Samborond\u00f3n.(Universo)<\/p>\n","protected":false},"excerpt":{"rendered":"<p>Con la simulaci\u00f3n del reporte de un sismo de 7,8 grados en la escala de Richter se dio inicio la<\/p>\n","protected":false},"author":1,"featured_media":0,"comment_status":"open","ping_status":"open","sticky":false,"template":"","format":"standard","meta":{"footnotes":""},"categories":[4],"tags":[],"_links":{"self":[{"href":"https:\/\/www.ecuadoraldia.com.ec\/index.php?rest_route=\/wp\/v2\/posts\/6163"}],"collection":[{"href":"https:\/\/www.ecuadoraldia.com.ec\/index.php?rest_route=\/wp\/v2\/posts"}],"about":[{"href":"https:\/\/www.ecuadoraldia.com.ec\/index.php?rest_route=\/wp\/v2\/types\/post"}],"author":[{"embeddable":true,"href":"https:\/\/www.ecuadoraldia.com.ec\/index.php?rest_route=\/wp\/v2\/users\/1"}],"replies":[{"embeddable":true,"href":"https:\/\/www.ecuadoraldia.com.ec\/index.php?rest_route=%2Fwp%2Fv2%2Fcomments&post=6163"}],"version-history":[{"count":1,"href":"https:\/\/www.ecuadoraldia.com.ec\/index.php?rest_route=\/wp\/v2\/posts\/6163\/revisions"}],"predecessor-version":[{"id":6165,"href":"https:\/\/www.ecuadoraldia.com.ec\/index.php?rest_route=\/wp\/v2\/posts\/6163\/revisions\/6165"}],"wp:attachment":[{"href":"https:\/\/www.ecuadoraldia.com.ec\/index.php?rest_route=%2Fwp%2Fv2%2Fmedia&parent=6163"}],"wp:term":[{"taxonomy":"category","embeddable":true,"href":"https:\/\/www.ecuadoraldia.com.ec\/index.php?rest_route=%2Fwp%2Fv2%2Fcategories&post=6163"},{"taxonomy":"post_tag","embeddable":true,"href":"https:\/\/www.ecuadoraldia.com.ec\/index.php?rest_route=%2Fwp%2Fv2%2Ftags&post=6163"}],"curies":[{"name":"wp","href":"https:\/\/api.w.org\/{rel}","templated":true}]}}