{"id":6166,"date":"2014-11-28T18:44:09","date_gmt":"2014-11-28T18:44:09","guid":{"rendered":"http:\/\/www.ecuadoraldia.com.ec\/?p=6166"},"modified":"2014-11-28T18:44:09","modified_gmt":"2014-11-28T18:44:09","slug":"ops-capacitara-a-profesionales-de-america-latina-para-tratar-ebola","status":"publish","type":"post","link":"https:\/\/www.ecuadoraldia.com.ec\/?p=6166","title":{"rendered":"OPS capacitar\u00e1 a profesionales de Am\u00e9rica Latina para tratar \u00e9bola"},"content":{"rendered":"<p><a href=\"http:\/\/www.ecuadoraldia.com.ec\/wp-content\/uploads\/2014\/11\/ebola-guinea.jpg\"><img loading=\"lazy\" decoding=\"async\" class=\"alignleft size-medium wp-image-6167\" src=\"http:\/\/www.ecuadoraldia.com.ec\/wp-content\/uploads\/2014\/11\/ebola-guinea-300x184.jpg\" alt=\"ebola-guinea\" width=\"300\" height=\"184\" srcset=\"https:\/\/www.ecuadoraldia.com.ec\/wp-content\/uploads\/2014\/11\/ebola-guinea-300x184.jpg 300w, https:\/\/www.ecuadoraldia.com.ec\/wp-content\/uploads\/2014\/11\/ebola-guinea-1024x631.jpg 1024w\" sizes=\"(max-width: 300px) 100vw, 300px\" \/><\/a>EFE Washington. La Organizaci\u00f3n Panamericana de la Salud (OPS) capacitar\u00e1 a profesionales de la salud de m\u00e1s de 30 pa\u00edses de Am\u00e9rica Latina y el Caribe en el manejo cl\u00ednico de pacientes con \u00e9bola, seg\u00fan anunci\u00f3 este viernes el organismo.<\/p>\n<p>Los cursos de capacitaci\u00f3n tendr\u00e1n lugar del 1 al 3 de diciembre en Antigua y Barbuda para personal del Caribe, y del 9 al 11 de diciembre en Chile para trabajadores de Am\u00e9rica Latina, detall\u00f3 la OPS en un comunicado. Profesionales de Ecuador estan entre los invitados.<\/p>\n<p>Los participantes en esos cursos entrenar\u00e1n luego a otros profesionales de la salud en sus pa\u00edses con el apoyo de la OPS, oficina regional para las Am\u00e9ricas de la Organizaci\u00f3n Mundial de la Salud (OMS).<\/p>\n<p>\u00abEl objetivo de estos talleres es fortalecer la capacidad de respuesta cl\u00ednica de m\u00e9dicos y enfermeras que los pa\u00edses asignen para tratar pacientes con \u00e9bola\u00bb, afirm\u00f3 en el comunicado el director del Departamento de Enfermedades Transmisibles y An\u00e1lisis de la Salud de la OPS, Marcos Espinal.<\/p>\n<p>As\u00ed, los profesionales sanitarios de la regi\u00f3n estar\u00e1n m\u00e1s preparados \u00abpara detectar de forma temprana los casos, aislarlos, tratarlos y prevenir la propagaci\u00f3n de la enfermedad\u00bb, a\u00f1adi\u00f3 Espinal.<\/p>\n<p>A excepci\u00f3n de Estados Unidos, en el resto del continente americano no se han registrado hasta ahora casos de \u00e9bola, aunque la \u00abposible importaci\u00f3n\u00bb del virus \u00abno puede descartarse\u00bb, advirti\u00f3 la OPS.<\/p>\n<p>A comienzos de este mes, la OPS anunci\u00f3 la movilizaci\u00f3n de equipos de expertos en alerta y respuesta a brotes epid\u00e9micos, para colaborar con los pa\u00edses de Am\u00e9rica Latina y el Caribe y asegurar que est\u00e9n preparados si se dieran casos de \u00e9bola.<\/p>\n<p>Los equipos visitar\u00e1n entre noviembre y diciembre 26 pa\u00edses de la regi\u00f3n con el fin de \u00abanalizar su preparaci\u00f3n para detectar, tratar y controlar la diseminaci\u00f3n de cualquier posible caso importado de \u00e9bola\u00bb, de acuerdo con la OPS.<\/p>\n<p>Desde marzo pasado se han detectado 15.351 casos de infecciones por \u00e9bola, en su mayor\u00eda en frica Occidental y de los que 5.459 resultaron mortales, seg\u00fan los \u00faltimos datos de la OMS.<\/p>\n<p>Los pa\u00edses m\u00e1s afectados por este brote de \u00e9bola son Liberia, Sierra Leona y Guinea. EFE<\/p>\n","protected":false},"excerpt":{"rendered":"<p>EFE Washington. La Organizaci\u00f3n Panamericana de la Salud (OPS) capacitar\u00e1 a profesionales de la salud de m\u00e1s de 30 pa\u00edses<\/p>\n","protected":false},"author":1,"featured_media":0,"comment_status":"open","ping_status":"open","sticky":false,"template":"","format":"standard","meta":{"footnotes":""},"categories":[7],"tags":[],"_links":{"self":[{"href":"https:\/\/www.ecuadoraldia.com.ec\/index.php?rest_route=\/wp\/v2\/posts\/6166"}],"collection":[{"href":"https:\/\/www.ecuadoraldia.com.ec\/index.php?rest_route=\/wp\/v2\/posts"}],"about":[{"href":"https:\/\/www.ecuadoraldia.com.ec\/index.php?rest_route=\/wp\/v2\/types\/post"}],"author":[{"embeddable":true,"href":"https:\/\/www.ecuadoraldia.com.ec\/index.php?rest_route=\/wp\/v2\/users\/1"}],"replies":[{"embeddable":true,"href":"https:\/\/www.ecuadoraldia.com.ec\/index.php?rest_route=%2Fwp%2Fv2%2Fcomments&post=6166"}],"version-history":[{"count":1,"href":"https:\/\/www.ecuadoraldia.com.ec\/index.php?rest_route=\/wp\/v2\/posts\/6166\/revisions"}],"predecessor-version":[{"id":6168,"href":"https:\/\/www.ecuadoraldia.com.ec\/index.php?rest_route=\/wp\/v2\/posts\/6166\/revisions\/6168"}],"wp:attachment":[{"href":"https:\/\/www.ecuadoraldia.com.ec\/index.php?rest_route=%2Fwp%2Fv2%2Fmedia&parent=6166"}],"wp:term":[{"taxonomy":"category","embeddable":true,"href":"https:\/\/www.ecuadoraldia.com.ec\/index.php?rest_route=%2Fwp%2Fv2%2Fcategories&post=6166"},{"taxonomy":"post_tag","embeddable":true,"href":"https:\/\/www.ecuadoraldia.com.ec\/index.php?rest_route=%2Fwp%2Fv2%2Ftags&post=6166"}],"curies":[{"name":"wp","href":"https:\/\/api.w.org\/{rel}","templated":true}]}}