{"id":6171,"date":"2014-11-28T18:49:09","date_gmt":"2014-11-28T18:49:09","guid":{"rendered":"http:\/\/www.ecuadoraldia.com.ec\/?p=6171"},"modified":"2014-11-29T00:24:46","modified_gmt":"2014-11-29T00:24:46","slug":"msp-reporta-dos-nuevos-casos-importados-de-chikungunya","status":"publish","type":"post","link":"https:\/\/www.ecuadoraldia.com.ec\/?p=6171","title":{"rendered":"MSP reporta dos nuevos casos importados de chikungunya"},"content":{"rendered":"<p style=\"text-align: justify;\"><a href=\"http:\/\/www.ecuadoraldia.com.ec\/wp-content\/uploads\/2014\/11\/chikungunya.jpg\"><img loading=\"lazy\" decoding=\"async\" class=\"alignleft size-medium wp-image-6184\" src=\"http:\/\/www.ecuadoraldia.com.ec\/wp-content\/uploads\/2014\/11\/chikungunya-300x225.jpg\" alt=\"chikungunya\" width=\"300\" height=\"225\" srcset=\"https:\/\/www.ecuadoraldia.com.ec\/wp-content\/uploads\/2014\/11\/chikungunya-300x225.jpg 300w, https:\/\/www.ecuadoraldia.com.ec\/wp-content\/uploads\/2014\/11\/chikungunya.jpg 640w\" sizes=\"(max-width: 300px) 100vw, 300px\" \/><\/a>Itamar Rodr\u00edguez, subsecretario de Vigilancia del Ministerio de Salud P\u00fablica (MSP), inform\u00f3 en rueda de prensa sobre dos nuevos casos importados de chikungunya en el pa\u00eds.<\/p>\n<p style=\"text-align: justify;\">Las autoridad indic\u00f3 que se ha activado el contingente del Servicio Nacional de Control de Enfermedades Transmitidas por Vectores Artr\u00f3podos (SNEM) y de la Direcci\u00f3n de Epidemiolog\u00eda.<\/p>\n<p style=\"text-align: justify;\">Actualmente Ecuador presenta 4 casos importados. El subsecretario evit\u00f3 indicar los pa\u00edses de contagio y descart\u00f3 la presencia del vector transmisor en el pa\u00eds. Los casos se registran en las provincias de Loja, Pichincha y Manab\u00ed en donde recibieron atenci\u00f3n m\u00e9dica. El funcionario recalc\u00f3 que en estas poblaciones se reforz\u00f3 el cerco epidemiol\u00f3gico y las medidas para evitar la presencia del vector transmisor.<\/p>\n<p style=\"text-align: justify;\">El MSP record\u00f3 que la fiebre chikungunya presenta los mismos s\u00edntomas que el dengue. Tambi\u00e9n que es importante no automedicarse para evitar confundir el diagn\u00f3stico de la enfermedad y acudir al centro de salud m\u00e1s cercano.<\/p>\n<p style=\"text-align: justify;\">Si bien la enfermedad no tiene una alta mortalidad, los malestares por la misma pueden ocasionar discapacidad, ya que los dolores puenden durar incluso hasta 2 a\u00f1os, posteriores al contagio.<\/p>\n<p style=\"text-align: justify;\">Rodr\u00edguez pidi\u00f3 a la ciudadan\u00eda que tambi\u00e9n colabore activamente en la prevenci\u00f3n de esta enfermedad, como la limpieza de los envases que contienen agua, utilizaci\u00f3n de cloro para desinfectar el l\u00edquido vital, entre otros. (Tel\u00e9grafo)<\/p>\n","protected":false},"excerpt":{"rendered":"<p>Itamar Rodr\u00edguez, subsecretario de Vigilancia del Ministerio de Salud P\u00fablica (MSP), inform\u00f3 en rueda de prensa sobre dos nuevos casos<\/p>\n","protected":false},"author":1,"featured_media":0,"comment_status":"open","ping_status":"open","sticky":false,"template":"","format":"standard","meta":{"footnotes":""},"categories":[1],"tags":[],"_links":{"self":[{"href":"https:\/\/www.ecuadoraldia.com.ec\/index.php?rest_route=\/wp\/v2\/posts\/6171"}],"collection":[{"href":"https:\/\/www.ecuadoraldia.com.ec\/index.php?rest_route=\/wp\/v2\/posts"}],"about":[{"href":"https:\/\/www.ecuadoraldia.com.ec\/index.php?rest_route=\/wp\/v2\/types\/post"}],"author":[{"embeddable":true,"href":"https:\/\/www.ecuadoraldia.com.ec\/index.php?rest_route=\/wp\/v2\/users\/1"}],"replies":[{"embeddable":true,"href":"https:\/\/www.ecuadoraldia.com.ec\/index.php?rest_route=%2Fwp%2Fv2%2Fcomments&post=6171"}],"version-history":[{"count":3,"href":"https:\/\/www.ecuadoraldia.com.ec\/index.php?rest_route=\/wp\/v2\/posts\/6171\/revisions"}],"predecessor-version":[{"id":6186,"href":"https:\/\/www.ecuadoraldia.com.ec\/index.php?rest_route=\/wp\/v2\/posts\/6171\/revisions\/6186"}],"wp:attachment":[{"href":"https:\/\/www.ecuadoraldia.com.ec\/index.php?rest_route=%2Fwp%2Fv2%2Fmedia&parent=6171"}],"wp:term":[{"taxonomy":"category","embeddable":true,"href":"https:\/\/www.ecuadoraldia.com.ec\/index.php?rest_route=%2Fwp%2Fv2%2Fcategories&post=6171"},{"taxonomy":"post_tag","embeddable":true,"href":"https:\/\/www.ecuadoraldia.com.ec\/index.php?rest_route=%2Fwp%2Fv2%2Ftags&post=6171"}],"curies":[{"name":"wp","href":"https:\/\/api.w.org\/{rel}","templated":true}]}}