{"id":6180,"date":"2014-11-29T00:18:52","date_gmt":"2014-11-29T00:18:52","guid":{"rendered":"http:\/\/www.ecuadoraldia.com.ec\/?p=6180"},"modified":"2014-11-29T00:18:52","modified_gmt":"2014-11-29T00:18:52","slug":"comision-aprobo-informe-para-primer-debate-sobre-enmiendas","status":"publish","type":"post","link":"https:\/\/www.ecuadoraldia.com.ec\/?p=6180","title":{"rendered":"Comisi\u00f3n aprob\u00f3 informe para primer debate sobre enmiendas"},"content":{"rendered":"<p><a href=\"http:\/\/www.ecuadoraldia.com.ec\/wp-content\/uploads\/2014\/11\/comision-enmiendas-c.jpg\"><img loading=\"lazy\" decoding=\"async\" class=\"alignleft size-medium wp-image-6181\" src=\"http:\/\/www.ecuadoraldia.com.ec\/wp-content\/uploads\/2014\/11\/comision-enmiendas-c-300x216.jpg\" alt=\"comision enmiendas c\" width=\"300\" height=\"216\" srcset=\"https:\/\/www.ecuadoraldia.com.ec\/wp-content\/uploads\/2014\/11\/comision-enmiendas-c-300x216.jpg 300w, https:\/\/www.ecuadoraldia.com.ec\/wp-content\/uploads\/2014\/11\/comision-enmiendas-c.jpg 328w\" sizes=\"(max-width: 300px) 100vw, 300px\" \/><\/a>La comisi\u00f3n ocasional especializada que tramita las 16 enmiendas constitucionales aprob\u00f3 este viernes el informe para primer debate en el Pleno de la Asamblea, con 8 votos a favor y 1 en contra.<\/p>\n<p style=\"text-align: justify;\">Juan Carlos Cassinelli, Ver\u00f3nica Arias, presidente y vicepresidenta de la comisi\u00f3n, respectivamente; Rosana Alvarado, Gabriel Rivera, Fausto Cayambe, Bayron Pacheco, Rosa Elvira Mu\u00f1oz, Soledad Buend\u00eda, votaron a favor. El voto en contra fue del legislador Patricio Donoso.<\/p>\n<p style=\"text-align: justify;\">Juan Carlos Cassinelli indic\u00f3 que la aprobaci\u00f3n del informe se lo hace de acuerdo con lo dispuesto por el Consejo de Administraci\u00f3n Legislativa (CAL), dentro del plazo de 30 d\u00edas.<\/p>\n<p style=\"text-align: justify;\">Precis\u00f3 que por ser mandatorio y vinculante se recogi\u00f3 lo dispuesto por la Corte Constitucional en su dictamen, es decir, que la Legislatura realice y haga un seguimiento de todo el procedimiento legal, constitucional e institucional que corresponde para las enmiendas a la Constituci\u00f3n.<\/p>\n<p style=\"text-align: justify;\">El parlamentario record\u00f3 que en estos d\u00edas los comisionados recibieron m\u00e1s de 30 exposiciones de distintos sectores, unos a favor y otros en contra, relacionadas con estas enmiendas, mismas que constan en el respectivo informe que se lo presentar\u00e1 a la presidenta de la Asamblea Nacional, Gabriela Rivadeneira, para su respectivo tratamiento.<\/p>\n<p style=\"text-align: justify;\">Indic\u00f3 que en los 13 meses, luego del primer debate, se realizar\u00e1 una socializaci\u00f3n profunda con los distintos sectores del pa\u00eds, en las diversas regiones y territorios, con la finalidad de buscar aquello que se pretende con las enmiendas como es dar mayor empoderamiento y m\u00e1s garant\u00edas a la ciudadan\u00eda.<\/p>\n<p style=\"text-align: justify;\">Aclar\u00f3 que las propuestas de enmiendas tienen por finalidad que los derechos ciudadanos se encuentren precautelados y ese sentido, explic\u00f3, cada una de ellas lo que hacen es fortalecer esa intencionalidad que el pueblo ecuatoriano tenga m\u00e1s derechos y garant\u00edas en funci\u00f3n de la Constituci\u00f3n.<\/p>\n<p>Cassinelli se\u00f1al\u00f3 que en las conclusiones del informe se mantiene la ratificaci\u00f3n del texto propuesto, \u00abporque somos conscientes de la necesidad de que otros actores a nivel nacional den sus aportes y se inmiscuyan en este gran debate nacional para discutir, conocer, profundizar estas enmiendas que son en beneficio de los ecuatorianos\u00bb, dijo.<\/p>\n<p>Rosana Alvarado se\u00f1al\u00f3, por su parte, que la Asamblea s\u00ed puede hacer ajustes a las enmiendas constitucionales. \u00abEn el tema de la reelecci\u00f3n se eliminar\u00e1 cualquier tipo de restricci\u00f3n o requisito para que una persona pueda ser reelegida. No podr\u00edamos hablar de ninguna restricci\u00f3n, dado que esa la valoraci\u00f3n la hizo la Corte Constitucional\u00bb, acot\u00f3.<\/p>\n<p style=\"text-align: justify;\">Por su parte Ver\u00f3nica Arias subray\u00f3 que \u00abno solamente las observaciones de quienes comparecieron a la Comisi\u00f3n ser\u00e1n consideradas, sino tambi\u00e9n cuando se debata en el Pleno de los legisladores y aquellas que se hagan cuando procedamos a realizar la socializaci\u00f3n en las diferentes provincias de nuestro pa\u00eds\u00bb.<\/p>\n<p style=\"text-align: justify;\">En la sesi\u00f3n, Patricio Donoso ley\u00f3 las observaciones de los legisladores de oposici\u00f3n a la propuesta de enmiendas constitucionales, las cuales fueron incluidas en un informe de minor\u00eda. El documento ser\u00e1 adjuntado a un informe de la Comisi\u00f3n para que sea considerado en el debate a realizarse en el Pleno la pr\u00f3xima semana.<\/p>\n<p style=\"text-align: justify;\">Al respecto, Cassinelli asegur\u00f3 que este documento se lo adjuntar\u00e1 al Informe de la Comisi\u00f3n para ser considerado por el pleno en debate previsto a realizarse la pr\u00f3xima semana.<\/p>\n<p>Insisti\u00f3 en que se efectuar\u00e1n los cambios que sean necesarios para fortalecer las propuestas de enmiendas constitucionales de cara al segundo debate que se realizar\u00e1 en el plazo de 13 meses. (telegrafo)<\/p>\n","protected":false},"excerpt":{"rendered":"<p>La comisi\u00f3n ocasional especializada que tramita las 16 enmiendas constitucionales aprob\u00f3 este viernes el informe para primer debate en el<\/p>\n","protected":false},"author":1,"featured_media":0,"comment_status":"open","ping_status":"open","sticky":false,"template":"","format":"standard","meta":{"footnotes":""},"categories":[11,1],"tags":[],"_links":{"self":[{"href":"https:\/\/www.ecuadoraldia.com.ec\/index.php?rest_route=\/wp\/v2\/posts\/6180"}],"collection":[{"href":"https:\/\/www.ecuadoraldia.com.ec\/index.php?rest_route=\/wp\/v2\/posts"}],"about":[{"href":"https:\/\/www.ecuadoraldia.com.ec\/index.php?rest_route=\/wp\/v2\/types\/post"}],"author":[{"embeddable":true,"href":"https:\/\/www.ecuadoraldia.com.ec\/index.php?rest_route=\/wp\/v2\/users\/1"}],"replies":[{"embeddable":true,"href":"https:\/\/www.ecuadoraldia.com.ec\/index.php?rest_route=%2Fwp%2Fv2%2Fcomments&post=6180"}],"version-history":[{"count":1,"href":"https:\/\/www.ecuadoraldia.com.ec\/index.php?rest_route=\/wp\/v2\/posts\/6180\/revisions"}],"predecessor-version":[{"id":6182,"href":"https:\/\/www.ecuadoraldia.com.ec\/index.php?rest_route=\/wp\/v2\/posts\/6180\/revisions\/6182"}],"wp:attachment":[{"href":"https:\/\/www.ecuadoraldia.com.ec\/index.php?rest_route=%2Fwp%2Fv2%2Fmedia&parent=6180"}],"wp:term":[{"taxonomy":"category","embeddable":true,"href":"https:\/\/www.ecuadoraldia.com.ec\/index.php?rest_route=%2Fwp%2Fv2%2Fcategories&post=6180"},{"taxonomy":"post_tag","embeddable":true,"href":"https:\/\/www.ecuadoraldia.com.ec\/index.php?rest_route=%2Fwp%2Fv2%2Ftags&post=6180"}],"curies":[{"name":"wp","href":"https:\/\/api.w.org\/{rel}","templated":true}]}}