{"id":6187,"date":"2014-11-29T00:27:26","date_gmt":"2014-11-29T00:27:26","guid":{"rendered":"http:\/\/www.ecuadoraldia.com.ec\/?p=6187"},"modified":"2014-11-29T00:27:26","modified_gmt":"2014-11-29T00:27:26","slug":"real-madrid-critica-a-platini-y-defiende-a-cristiano-para-balon-de-oro","status":"publish","type":"post","link":"https:\/\/www.ecuadoraldia.com.ec\/?p=6187","title":{"rendered":"Real Madrid critica a Platini y defiende a Cristiano para Bal\u00f3n de Oro"},"content":{"rendered":"<p style=\"text-align: justify;\"><a href=\"http:\/\/www.ecuadoraldia.com.ec\/wp-content\/uploads\/2014\/11\/22-11-2014-Real-Madrid-.jpg\"><img loading=\"lazy\" decoding=\"async\" class=\"alignleft size-medium wp-image-6188\" src=\"http:\/\/www.ecuadoraldia.com.ec\/wp-content\/uploads\/2014\/11\/22-11-2014-Real-Madrid--300x231.jpg\" alt=\"22-11-2014-Real-Madrid-\" width=\"300\" height=\"231\" srcset=\"https:\/\/www.ecuadoraldia.com.ec\/wp-content\/uploads\/2014\/11\/22-11-2014-Real-Madrid--300x231.jpg 300w, https:\/\/www.ecuadoraldia.com.ec\/wp-content\/uploads\/2014\/11\/22-11-2014-Real-Madrid-.jpg 450w\" sizes=\"(max-width: 300px) 100vw, 300px\" \/><\/a>El Real Madrid expres\u00f3 este viernes su \u00absorpresa\u00bb por unas recientes declaraciones del presidente de la UEFA, Michel Platini, que dijo ser partidario de que el Bal\u00f3n de Oro de este a\u00f1o sea para un alem\u00e1n campe\u00f3n del mundo.<\/p>\n<p style=\"text-align: justify;\">El club de Cristiano Ronaldo, que aspira a un tercer Bal\u00f3n de Oro y que parece favorito para conseguirlo, subray\u00f3 en un mensaje a Platini en forma de comunicado su \u00absorpresa por las reiteradas manifestaciones sobre sus preferencias personales para elegir el ganador del Bal\u00f3n de Oro, especialmente cuando es el m\u00e1ximo responsable del principal organismo del f\u00fatbol europeo, donde entendemos debe imperar la m\u00e1s estricta neutralidad\u00bb.<\/p>\n<p style=\"text-align: justify;\">\u00abEl Bal\u00f3n de Oro es un premio individual y no colectivo, que se concede anualmente al mejor jugador del mundo y creemos que, para seguir manteniendo su presigio, los que participan en su elecci\u00f3n deben tener en cuenta exclusivamente los m\u00e9ritos profesionales individuales de los jugadores\u00bb, a\u00f1adi\u00f3 el conjunto blanco.<br \/>\nEl Real Madrid estim\u00f3 abiertamente que Cristiano Ronaldo ha hecho m\u00e9ritos m\u00e1s que sobrados para ser el ganador.<\/p>\n<p style=\"text-align: justify;\">\u00abCreemos sin ninguna duda que Cristiano Ronaldo ha hecho el mejor a\u00f1o profesional a t\u00edtulo individual de su historia, adem\u00e1s de conseguir la Champions League, la Bota de Oro, el r\u00e9cord de m\u00e1ximo goleador de una edici\u00f3n de Champions, as\u00ed como la Copa del Rey y ser el m\u00e1ximo goleador de la Liga\u00bb, se\u00f1al\u00f3 el l\u00edder del campeonato espa\u00f1ol.<\/p>\n<p style=\"text-align: justify;\">En la actual temporada liguera, recuerda el club, Cristiano lleva ya 20 dianas en apenas doce jornadas.<br \/>\n\u00abConfirman su gran momento de forma y le hacen merecedor, m\u00e1s que nunca, del Bal\u00f3n de Oro\u00bb, destac\u00f3 el Real Madrid.<\/p>\n<p style=\"text-align: justify;\">\n<p>&nbsp;<\/p>\n<p>&nbsp;<\/p>\n<p>&nbsp;<\/p>\n","protected":false},"excerpt":{"rendered":"<p>El Real Madrid expres\u00f3 este viernes su \u00absorpresa\u00bb por unas recientes declaraciones del presidente de la UEFA, Michel Platini, que<\/p>\n","protected":false},"author":1,"featured_media":0,"comment_status":"open","ping_status":"open","sticky":false,"template":"","format":"standard","meta":{"footnotes":""},"categories":[10],"tags":[],"_links":{"self":[{"href":"https:\/\/www.ecuadoraldia.com.ec\/index.php?rest_route=\/wp\/v2\/posts\/6187"}],"collection":[{"href":"https:\/\/www.ecuadoraldia.com.ec\/index.php?rest_route=\/wp\/v2\/posts"}],"about":[{"href":"https:\/\/www.ecuadoraldia.com.ec\/index.php?rest_route=\/wp\/v2\/types\/post"}],"author":[{"embeddable":true,"href":"https:\/\/www.ecuadoraldia.com.ec\/index.php?rest_route=\/wp\/v2\/users\/1"}],"replies":[{"embeddable":true,"href":"https:\/\/www.ecuadoraldia.com.ec\/index.php?rest_route=%2Fwp%2Fv2%2Fcomments&post=6187"}],"version-history":[{"count":1,"href":"https:\/\/www.ecuadoraldia.com.ec\/index.php?rest_route=\/wp\/v2\/posts\/6187\/revisions"}],"predecessor-version":[{"id":6189,"href":"https:\/\/www.ecuadoraldia.com.ec\/index.php?rest_route=\/wp\/v2\/posts\/6187\/revisions\/6189"}],"wp:attachment":[{"href":"https:\/\/www.ecuadoraldia.com.ec\/index.php?rest_route=%2Fwp%2Fv2%2Fmedia&parent=6187"}],"wp:term":[{"taxonomy":"category","embeddable":true,"href":"https:\/\/www.ecuadoraldia.com.ec\/index.php?rest_route=%2Fwp%2Fv2%2Fcategories&post=6187"},{"taxonomy":"post_tag","embeddable":true,"href":"https:\/\/www.ecuadoraldia.com.ec\/index.php?rest_route=%2Fwp%2Fv2%2Ftags&post=6187"}],"curies":[{"name":"wp","href":"https:\/\/api.w.org\/{rel}","templated":true}]}}