{"id":6190,"date":"2014-11-29T00:31:00","date_gmt":"2014-11-29T00:31:00","guid":{"rendered":"http:\/\/www.ecuadoraldia.com.ec\/?p=6190"},"modified":"2014-11-29T00:31:00","modified_gmt":"2014-11-29T00:31:00","slug":"gerardo-mejia-regresa-a-la-television-estadounidense-con-suave-says","status":"publish","type":"post","link":"https:\/\/www.ecuadoraldia.com.ec\/?p=6190","title":{"rendered":"Gerardo Mej\u00eda regresa a la televisi\u00f3n estadounidense con &#8216;Suave Says&#8217;"},"content":{"rendered":"<p style=\"text-align: justify;\"><a href=\"http:\/\/www.ecuadoraldia.com.ec\/wp-content\/uploads\/2014\/11\/gerardomejia.jpg\"><img loading=\"lazy\" decoding=\"async\" class=\"alignleft size-medium wp-image-6191\" src=\"http:\/\/www.ecuadoraldia.com.ec\/wp-content\/uploads\/2014\/11\/gerardomejia-300x186.jpg\" alt=\"gerardomejia\" width=\"300\" height=\"186\" srcset=\"https:\/\/www.ecuadoraldia.com.ec\/wp-content\/uploads\/2014\/11\/gerardomejia-300x186.jpg 300w, https:\/\/www.ecuadoraldia.com.ec\/wp-content\/uploads\/2014\/11\/gerardomejia.jpg 450w\" sizes=\"(max-width: 300px) 100vw, 300px\" \/><\/a>El cantante ecuatoriano Gerardo Mej\u00eda, quien se dio a conocer en los a\u00f1os 90s por su peculiar estilo de vestir y rapear, regresa al ojo p\u00fablico con el nuevo show de telerrealidad llamado &#8216;Suave Says&#8217;, que iniciar\u00e1 el pr\u00f3ximo 3 de diciembre a trav\u00e9s de la cadena VH1.<\/p>\n<p style=\"text-align: justify;\">Mej\u00eda, mejor conocido como Rico suave, revel\u00f3 detalles de c\u00f3mo ha cambiado su vida desde que se retir\u00f3 de los escenarios, form\u00f3 una familia y se convirti\u00f3 en pastor laico de una iglesia cristiana, donde se ha enfocado en guiar a la j\u00f3venes.<\/p>\n<p style=\"text-align: justify;\">Sobre su regreso al entretenimiento en Estados Unidos, dijo que lleg\u00f3 de forma inesperado. \u00abYo llevo a\u00f1os trabajando detr\u00e1s de las c\u00e1maras y regresar una vez m\u00e1s a la pantalla es una bendici\u00f3n que viene con un gran prop\u00f3sito\u201d, coment\u00f3 en entrevista con Peopleenespa\u00f1ol.com<\/p>\n<p style=\"text-align: justify;\">Al ser cuestionado sobre su retiro de la m\u00fasica, asegur\u00f3 que contarla resulta extenso pero que su historia se \u00abconvirti\u00f3 en mi testimonio pero en pocas palabras va m\u00e1s o menos as\u00ed, \u2018lo tuve, lo perd\u00ed y lo recuper\u00e9 con la ayuda de Dios\u2019\u201d.<\/p>\n<p style=\"text-align: justify;\">\u201cMe puse a trabajar duro. Regres\u00e9 a la misma disquera (Interscope) donde fui el primer artista y me dieron la oportunidad de ser ejecutivo. El primer artista que firme fue Enrique Iglesias a final de los 90s. He vendido muchos m\u00e1s discos como ejecutivo que como artista\u201d, acot\u00f3.<\/p>\n<p style=\"text-align: justify;\">El rapero tambi\u00e9n habl\u00f3 de su familia y revel\u00f3 que una de sus hijas sigue sus pasos en la m\u00fasica. \u201cMi hija Nadia canta desde chiquita. Ella es una de las l\u00edderes de alabanza en nuestra iglesia en Los \u00c1ngeles y en el programa vas a ver como la estoy desarrollando y alist\u00e1ndola para que cumpla su sue\u00f1o de ser cantante. Mi hijo Jaden tambi\u00e9n le gusta el rap y es muy bueno escribiendo pero hay que ver con \u00e9l porque un d\u00eda quiere ser rapero y el otro quiere ser astronauta\u201d.<\/p>\n<p style=\"text-align: justify;\">Gerardo Mej\u00eda sigue componiendo canciones y a inicios del pr\u00f3ximo a\u00f1o lanzar\u00e1 un nuevo disco. \u00abmi m\u00fasica ahora es mi misterio\u00bb, acot\u00f3. (Tel\u00e9grafo)<\/p>\n","protected":false},"excerpt":{"rendered":"<p>El cantante ecuatoriano Gerardo Mej\u00eda, quien se dio a conocer en los a\u00f1os 90s por su peculiar estilo de vestir<\/p>\n","protected":false},"author":1,"featured_media":0,"comment_status":"open","ping_status":"open","sticky":false,"template":"","format":"standard","meta":{"footnotes":""},"categories":[1],"tags":[],"_links":{"self":[{"href":"https:\/\/www.ecuadoraldia.com.ec\/index.php?rest_route=\/wp\/v2\/posts\/6190"}],"collection":[{"href":"https:\/\/www.ecuadoraldia.com.ec\/index.php?rest_route=\/wp\/v2\/posts"}],"about":[{"href":"https:\/\/www.ecuadoraldia.com.ec\/index.php?rest_route=\/wp\/v2\/types\/post"}],"author":[{"embeddable":true,"href":"https:\/\/www.ecuadoraldia.com.ec\/index.php?rest_route=\/wp\/v2\/users\/1"}],"replies":[{"embeddable":true,"href":"https:\/\/www.ecuadoraldia.com.ec\/index.php?rest_route=%2Fwp%2Fv2%2Fcomments&post=6190"}],"version-history":[{"count":1,"href":"https:\/\/www.ecuadoraldia.com.ec\/index.php?rest_route=\/wp\/v2\/posts\/6190\/revisions"}],"predecessor-version":[{"id":6192,"href":"https:\/\/www.ecuadoraldia.com.ec\/index.php?rest_route=\/wp\/v2\/posts\/6190\/revisions\/6192"}],"wp:attachment":[{"href":"https:\/\/www.ecuadoraldia.com.ec\/index.php?rest_route=%2Fwp%2Fv2%2Fmedia&parent=6190"}],"wp:term":[{"taxonomy":"category","embeddable":true,"href":"https:\/\/www.ecuadoraldia.com.ec\/index.php?rest_route=%2Fwp%2Fv2%2Fcategories&post=6190"},{"taxonomy":"post_tag","embeddable":true,"href":"https:\/\/www.ecuadoraldia.com.ec\/index.php?rest_route=%2Fwp%2Fv2%2Ftags&post=6190"}],"curies":[{"name":"wp","href":"https:\/\/api.w.org\/{rel}","templated":true}]}}