{"id":6193,"date":"2014-11-29T00:44:31","date_gmt":"2014-11-29T00:44:31","guid":{"rendered":"http:\/\/www.ecuadoraldia.com.ec\/?p=6193"},"modified":"2014-11-29T00:44:31","modified_gmt":"2014-11-29T00:44:31","slug":"defensa-de-la-hora-apela-a-imparcialidad-de-supercom-a-pesar-de-ser-juez-y-parte","status":"publish","type":"post","link":"https:\/\/www.ecuadoraldia.com.ec\/?p=6193","title":{"rendered":"Defensa de La Hora apela a imparcialidad de Supercom, a pesar de ser juez y parte"},"content":{"rendered":"<p style=\"text-align: justify;\"><a href=\"http:\/\/www.ecuadoraldia.com.ec\/wp-content\/uploads\/2014\/11\/laho.jpg\"><img loading=\"lazy\" decoding=\"async\" class=\"alignleft size-full wp-image-6194\" src=\"http:\/\/www.ecuadoraldia.com.ec\/wp-content\/uploads\/2014\/11\/laho.jpg\" alt=\"laho\" width=\"275\" height=\"206\" \/><\/a>Quito,28n.La defensa de Diario La Hora desvirtu\u00f3 las acusaciones dentro de un proceso de oficio que inici\u00f3 la Superintendencia de Comunicaci\u00f3n (Supercom), por el titular \u2018Se inculpan para salir libres\u2019, y pidi\u00f3 al organismo de control \u201crechazar y archivar\u201d la denuncia por carecer de\u201d veracidad\u201d y \u201cobjetividad\u201d, ser \u201csesgada\u201d y \u201csubjetiva\u201d.<\/p>\n<p style=\"text-align: justify;\">\nEl t\u00edtulo de la nota publicada el 4 de octubre se refiere al caso de los estudiantes del colegio Mej\u00eda que fueron detenidos durante las protestas sindicales de septiembre pasado.<\/p>\n<p>\u201cNegamos todos los fundamentos de hecho y de derecho del informe interno, negamos la existencia de la infracci\u00f3n\u2026y apelo a su imparcialidad -se\u00f1or director- a pesar que es un cuerpo colegiado; a pesar que es juez y parte, pero esperemos que la idea de ser juez y parte, al menos en este caso se separe y se decida en base a los hechos y las pruebas\u201d, dijo Gerardo Aguirre, abogado del medio de comunicaci\u00f3n, al presentar sus argumentos de defensa ante el director jur\u00eddico de la Supercom, Mauricio C\u00e1ceres.<\/p>\n<p>Aguirre a\u00f1adi\u00f3 que la nota no se inscribe en el g\u00e9nero de reportaje, cr\u00f3nica, editorial o un art\u00edculo que conllevan la interpretaci\u00f3n, la cr\u00edtica y el an\u00e1lisis. \u201cEstamos frente a una noticia que transmite un relato y narraci\u00f3n pura y fr\u00eda de un hecho de inter\u00e9s de la colectividad\u201d.<\/p>\n<p>Durante la audiencia -y tras este an\u00e1lisis- Aguirre asegur\u00f3 que \u201cpor elemental l\u00f3gica\u201d de redacci\u00f3n y de lectura, existe \u201carmon\u00eda y contundencia\u201d entre la noticia y el t\u00edtulo, y por tanto, se cumpli\u00f3 el principio de contrastaci\u00f3n en los t\u00e9rminos previstos en el art\u00edculo 22 de la Ley Org\u00e1nica de Comunicaci\u00f3n (Loc), inciso tercero.<\/p>\n<p>Este apartado de la Loc dice \u201cla contrastaci\u00f3n implica recoger y publicar, de forma equilibrada, las versiones de las personas involucradas en los hechos narrados, salvo que cualquiera de ellas se haya negado a proporcionar su versi\u00f3n, de lo cual se dejar\u00e1 constancia expresa en la nota period\u00edstica\u201d.<\/p>\n<p>La defensa del medio impreso tambi\u00e9n critic\u00f3 que en el informe t\u00e9cnico interno (de la Supercom), solo se haya realizado un an\u00e1lisis inicial de la nota \u201cpero se olvidan de leer todo su contenido\u201d, y argument\u00f3 que la m\u00e1xima es un pa\u00eds democr\u00e1tico es la libertad de expresi\u00f3n.<\/p>\n<p>Alejando Salguero, abobado de la Supercom, defendi\u00f3 la validez del proceso administrativo y del reporte interno, y plante\u00f3 que dentro del Estado constitucional de derecho, la Loc determina que la informaci\u00f3n es un bien p\u00fablico que se presta a trav\u00e9s de los medios.<\/p>\n<p>En su intervenci\u00f3n, Salguero invoc\u00f3 el art\u00edculo 10 de la Loc sobre las normas deontol\u00f3gicas, numeral 3 literal a que se\u00f1ala \u201cRespetar los presupuestos constitucionales de verificaci\u00f3n, oportunidad, contextualizaci\u00f3n y contrastaci\u00f3n en la difusi\u00f3n de la informaci\u00f3n de relevancia p\u00fablica o inter\u00e9s general\u201d. Y, numeral 4 literal e. que indica \u201ccuidar que los titulares sean coherentes y consistentes con el contenido de las noticias\u201d.<\/p>\n<p>La Supercom tiene tres d\u00edas de plazo para resolver y dos adicionales para notificar a las Partes el resultado de la sentencia. (La hora)<\/p>\n<p>&nbsp;<\/p>\n","protected":false},"excerpt":{"rendered":"<p>Quito,28n.La defensa de Diario La Hora desvirtu\u00f3 las acusaciones dentro de un proceso de oficio que inici\u00f3 la Superintendencia de<\/p>\n","protected":false},"author":1,"featured_media":0,"comment_status":"open","ping_status":"open","sticky":false,"template":"","format":"standard","meta":{"footnotes":""},"categories":[11],"tags":[],"_links":{"self":[{"href":"https:\/\/www.ecuadoraldia.com.ec\/index.php?rest_route=\/wp\/v2\/posts\/6193"}],"collection":[{"href":"https:\/\/www.ecuadoraldia.com.ec\/index.php?rest_route=\/wp\/v2\/posts"}],"about":[{"href":"https:\/\/www.ecuadoraldia.com.ec\/index.php?rest_route=\/wp\/v2\/types\/post"}],"author":[{"embeddable":true,"href":"https:\/\/www.ecuadoraldia.com.ec\/index.php?rest_route=\/wp\/v2\/users\/1"}],"replies":[{"embeddable":true,"href":"https:\/\/www.ecuadoraldia.com.ec\/index.php?rest_route=%2Fwp%2Fv2%2Fcomments&post=6193"}],"version-history":[{"count":1,"href":"https:\/\/www.ecuadoraldia.com.ec\/index.php?rest_route=\/wp\/v2\/posts\/6193\/revisions"}],"predecessor-version":[{"id":6195,"href":"https:\/\/www.ecuadoraldia.com.ec\/index.php?rest_route=\/wp\/v2\/posts\/6193\/revisions\/6195"}],"wp:attachment":[{"href":"https:\/\/www.ecuadoraldia.com.ec\/index.php?rest_route=%2Fwp%2Fv2%2Fmedia&parent=6193"}],"wp:term":[{"taxonomy":"category","embeddable":true,"href":"https:\/\/www.ecuadoraldia.com.ec\/index.php?rest_route=%2Fwp%2Fv2%2Fcategories&post=6193"},{"taxonomy":"post_tag","embeddable":true,"href":"https:\/\/www.ecuadoraldia.com.ec\/index.php?rest_route=%2Fwp%2Fv2%2Ftags&post=6193"}],"curies":[{"name":"wp","href":"https:\/\/api.w.org\/{rel}","templated":true}]}}