{"id":6196,"date":"2014-11-29T19:45:42","date_gmt":"2014-11-29T19:45:42","guid":{"rendered":"http:\/\/www.ecuadoraldia.com.ec\/?p=6196"},"modified":"2014-11-29T19:45:42","modified_gmt":"2014-11-29T19:45:42","slug":"farc-anuncia-que-activo-protocolo-para-liberar-a-general-colombiano","status":"publish","type":"post","link":"https:\/\/www.ecuadoraldia.com.ec\/?p=6196","title":{"rendered":"FARC anuncia que activ\u00f3 protocolo para liberar a general colombiano"},"content":{"rendered":"<p style=\"text-align: justify;\"><a href=\"http:\/\/www.ecuadoraldia.com.ec\/wp-content\/uploads\/2014\/11\/farc-treg.jpg\"><img loading=\"lazy\" decoding=\"async\" class=\"alignleft size-medium wp-image-6197\" src=\"http:\/\/www.ecuadoraldia.com.ec\/wp-content\/uploads\/2014\/11\/farc-treg-300x168.jpg\" alt=\"farc-treg\" width=\"300\" height=\"168\" srcset=\"https:\/\/www.ecuadoraldia.com.ec\/wp-content\/uploads\/2014\/11\/farc-treg-300x168.jpg 300w, https:\/\/www.ecuadoraldia.com.ec\/wp-content\/uploads\/2014\/11\/farc-treg.jpg 650w\" sizes=\"(max-width: 300px) 100vw, 300px\" \/><\/a>Agencia AFP. La guerrilla comunista de las FARC anunci\u00f3 que activ\u00f3 en la madrugada de este s\u00e1bado el protocolo humanitario especial para liberar el domingo al general Rub\u00e9n Alzate, condici\u00f3n exigida por el presidente colombiano, Juan Manuel Santos, para reanudar las negociaciones de paz en Cuba.<\/p>\n<p style=\"text-align: justify;\">\u00abEn la madrugada de hoy fue activado el Protocolo Humanitario Especial que retornar\u00e1 a la libertad, ma\u00f1ana domingo, al general Alz\u00e1te Mora, jefe de la Fuerza de Tarea Tit\u00e1n del ej\u00e9rcito, al cabo (Jorge) Rodr\u00edguez Contreras y a la abogada Gloria Urrego\u00bb, quienes ser\u00e1n conducidos \u00aba una guarnici\u00f3n militar dispuesta por el Gobierno Colombiano\u00bb, se\u00f1al\u00f3 la delegaci\u00f3n de paz de las FARC en un comunicado divulgado en la isla.<\/p>\n<p style=\"text-align: justify;\">Alzate, Rodr\u00edguez y Urrego, capturados el 16 de noviembre, ser\u00e1n entregados \u00abpor comandantes guerrilleros del bloque Iv\u00e1n R\u00edos, en coordenadas choacanas, a los representantes de los pa\u00edses garantes del proceso de paz, Cuba y Noruega, y al CIRC (Comit\u00e9 Internacional de la Cruz Roja)\u00bb, a\u00f1adi\u00f3 el grupo insurgente en el comunicado, publicado en su blog (www.pazfarc-ep.org).<\/p>\n<p style=\"text-align: justify;\">La guerrilla agreg\u00f3 que espera que \u00abesta libertad, fundada en razones de humanidad, extienda sus efectos ben\u00e9ficos a los prisioneros pol\u00edticos y sociales del pa\u00eds\u00bb.<\/p>\n<p style=\"text-align: justify;\">\u00abQu\u00e9 f\u00e1cil y qu\u00e9 humanitario es para el gobierno determinar un indulto para inocentes\u00bb, dijeron las FARC desde Cuba, donde adelantan desde hace dos a\u00f1os negociaciones de paz con el gobierno colombiano, suspendidas por el presidente Santos tras la captura.<\/p>\n<p style=\"text-align: justify;\">Las Fuerzas Armadas Revolucionarias de Colombia (FARC) anunciaron el jueves que Alzate, el militar colombiano de m\u00e1s alto rango que capturaron en 50 a\u00f1os de conflicto armado en ese pa\u00eds, y sus dos acompa\u00f1antes ser\u00edan liberados el domingo, en vez del s\u00e1bado como hab\u00eda dicho Santos el mi\u00e9rcoles.<\/p>\n<p style=\"text-align: justify;\">Asimismo, advirtieron el mi\u00e9rcoles que, antes de liberar a los tres cautivos, verificar\u00edan que no hubiesen militares en esa zona del Choc\u00f3, pues la inesperada presencia de una patrulla militar en Arauca (este) estuvo a punto de frustrar el martes la entrega de otros dos soldados que hab\u00edan capturado el 9 de noviembre.<\/p>\n<p style=\"text-align: justify;\">Condici\u00f3n exigida por Santos<\/p>\n<p style=\"text-align: justify;\">Precisamente, la liberaci\u00f3n de Alzate es la condici\u00f3n exigida por Santos para reanudar esas conversaciones, que buscan acabar un conflicto armado de medio siglo que ha dejado 220.000 muertos y 5,3 millones de desplazados.<\/p>\n<p style=\"text-align: justify;\">En el comunico divulgado este s\u00e1bado, las FARC no hicieron referencia al tema del reinicio de las negociaciones de paz.<\/p>\n<p style=\"text-align: justify;\">Pero en un art\u00edculo divulgado el lunes, su jefe m\u00e1ximo, Timole\u00f3n Jim\u00e9nez \u00abTimochenko\u00bb, dijo que ser\u00e1 dif\u00edcil recuperar la confianza para continuar los di\u00e1logos luego de su abrupta suspensi\u00f3n por parte de Santos.<\/p>\n<p style=\"text-align: justify;\">\u00abEl presidente, con su suspensi\u00f3n, tumb\u00f3 el tablero donde jug\u00e1bamos la partida, destruy\u00f3 la confianza\u00bb y \u00ablas cosas no podr\u00e1n reanudarse as\u00ed no m\u00e1s, habr\u00e1 que hacer diversas consideraciones\u00bb, escribi\u00f3 Timochenko<\/p>\n","protected":false},"excerpt":{"rendered":"<p>Agencia AFP. La guerrilla comunista de las FARC anunci\u00f3 que activ\u00f3 en la madrugada de este s\u00e1bado el protocolo humanitario<\/p>\n","protected":false},"author":1,"featured_media":0,"comment_status":"open","ping_status":"open","sticky":false,"template":"","format":"standard","meta":{"footnotes":""},"categories":[7],"tags":[],"_links":{"self":[{"href":"https:\/\/www.ecuadoraldia.com.ec\/index.php?rest_route=\/wp\/v2\/posts\/6196"}],"collection":[{"href":"https:\/\/www.ecuadoraldia.com.ec\/index.php?rest_route=\/wp\/v2\/posts"}],"about":[{"href":"https:\/\/www.ecuadoraldia.com.ec\/index.php?rest_route=\/wp\/v2\/types\/post"}],"author":[{"embeddable":true,"href":"https:\/\/www.ecuadoraldia.com.ec\/index.php?rest_route=\/wp\/v2\/users\/1"}],"replies":[{"embeddable":true,"href":"https:\/\/www.ecuadoraldia.com.ec\/index.php?rest_route=%2Fwp%2Fv2%2Fcomments&post=6196"}],"version-history":[{"count":1,"href":"https:\/\/www.ecuadoraldia.com.ec\/index.php?rest_route=\/wp\/v2\/posts\/6196\/revisions"}],"predecessor-version":[{"id":6198,"href":"https:\/\/www.ecuadoraldia.com.ec\/index.php?rest_route=\/wp\/v2\/posts\/6196\/revisions\/6198"}],"wp:attachment":[{"href":"https:\/\/www.ecuadoraldia.com.ec\/index.php?rest_route=%2Fwp%2Fv2%2Fmedia&parent=6196"}],"wp:term":[{"taxonomy":"category","embeddable":true,"href":"https:\/\/www.ecuadoraldia.com.ec\/index.php?rest_route=%2Fwp%2Fv2%2Fcategories&post=6196"},{"taxonomy":"post_tag","embeddable":true,"href":"https:\/\/www.ecuadoraldia.com.ec\/index.php?rest_route=%2Fwp%2Fv2%2Ftags&post=6196"}],"curies":[{"name":"wp","href":"https:\/\/api.w.org\/{rel}","templated":true}]}}