{"id":6223,"date":"2014-12-01T00:38:41","date_gmt":"2014-12-01T00:38:41","guid":{"rendered":"http:\/\/www.ecuadoraldia.com.ec\/?p=6223"},"modified":"2014-12-01T00:38:41","modified_gmt":"2014-12-01T00:38:41","slug":"tabare-vazquez-nuevo-presidente-de-uruguay-con-mas-del-53-de-votos","status":"publish","type":"post","link":"https:\/\/www.ecuadoraldia.com.ec\/?p=6223","title":{"rendered":"Tabar\u00e9 V\u00e1zquez nuevo presidente de Uruguay con m\u00e1s del 53% de votos"},"content":{"rendered":"<p><a href=\"http:\/\/www.ecuadoraldia.com.ec\/wp-content\/uploads\/2014\/12\/tavare.jpg\"><img loading=\"lazy\" decoding=\"async\" class=\"alignleft size-medium wp-image-6224\" src=\"http:\/\/www.ecuadoraldia.com.ec\/wp-content\/uploads\/2014\/12\/tavare-300x200.jpg\" alt=\"tabare V\u00e1squez\" width=\"300\" height=\"200\" srcset=\"https:\/\/www.ecuadoraldia.com.ec\/wp-content\/uploads\/2014\/12\/tavare-300x200.jpg 300w, https:\/\/www.ecuadoraldia.com.ec\/wp-content\/uploads\/2014\/12\/tavare.jpg 450w\" sizes=\"(max-width: 300px) 100vw, 300px\" \/><\/a>AFP. esta hora, las 3 principales encuestadoras posicionan a la dupla V\u00e1zquez-Sendic como los elegidos para dirigir a la Rep\u00fablica Oriental de Uruguay, tras ser electos con m\u00e1s del 53% de los votos.<\/p>\n<p>Cifra, Equipos y Factum actualmente aseguran que el candidato Tabar\u00e9 V\u00e1zquez es el sucesor de Jos\u00e9 Mujica. Su retador, el centroderechista Luis Lacalle Pou, cosech\u00f3 entre 40,6% y 42%, seg\u00fan las mismas consultoras.<\/p>\n<p>De confirmarse los datos de las encuestadoras, se espera que el candidato del partido Frente Amplio de a conocer esta semana como estar\u00e1 integrado su gabinete.<\/p>\n<p>En la ma\u00f1ana, durante el voto del Jefe de Estado saliente, Mujica anunci\u00f3 que ir\u00e1 personalmente a ver al vencedor.<\/p>\n<p>Los resultados finales de la Corte Electoral ser\u00e1n presentados a la medianoche. V\u00e1zquez ser\u00eda posesionado el 1 de marzo.<\/p>\n<p>&nbsp;<\/p>\n","protected":false},"excerpt":{"rendered":"<p>AFP. esta hora, las 3 principales encuestadoras posicionan a la dupla V\u00e1zquez-Sendic como los elegidos para dirigir a la Rep\u00fablica<\/p>\n","protected":false},"author":1,"featured_media":0,"comment_status":"open","ping_status":"open","sticky":false,"template":"","format":"standard","meta":{"footnotes":""},"categories":[7],"tags":[],"_links":{"self":[{"href":"https:\/\/www.ecuadoraldia.com.ec\/index.php?rest_route=\/wp\/v2\/posts\/6223"}],"collection":[{"href":"https:\/\/www.ecuadoraldia.com.ec\/index.php?rest_route=\/wp\/v2\/posts"}],"about":[{"href":"https:\/\/www.ecuadoraldia.com.ec\/index.php?rest_route=\/wp\/v2\/types\/post"}],"author":[{"embeddable":true,"href":"https:\/\/www.ecuadoraldia.com.ec\/index.php?rest_route=\/wp\/v2\/users\/1"}],"replies":[{"embeddable":true,"href":"https:\/\/www.ecuadoraldia.com.ec\/index.php?rest_route=%2Fwp%2Fv2%2Fcomments&post=6223"}],"version-history":[{"count":1,"href":"https:\/\/www.ecuadoraldia.com.ec\/index.php?rest_route=\/wp\/v2\/posts\/6223\/revisions"}],"predecessor-version":[{"id":6225,"href":"https:\/\/www.ecuadoraldia.com.ec\/index.php?rest_route=\/wp\/v2\/posts\/6223\/revisions\/6225"}],"wp:attachment":[{"href":"https:\/\/www.ecuadoraldia.com.ec\/index.php?rest_route=%2Fwp%2Fv2%2Fmedia&parent=6223"}],"wp:term":[{"taxonomy":"category","embeddable":true,"href":"https:\/\/www.ecuadoraldia.com.ec\/index.php?rest_route=%2Fwp%2Fv2%2Fcategories&post=6223"},{"taxonomy":"post_tag","embeddable":true,"href":"https:\/\/www.ecuadoraldia.com.ec\/index.php?rest_route=%2Fwp%2Fv2%2Ftags&post=6223"}],"curies":[{"name":"wp","href":"https:\/\/api.w.org\/{rel}","templated":true}]}}