{"id":6226,"date":"2014-12-01T00:43:22","date_gmt":"2014-12-01T00:43:22","guid":{"rendered":"http:\/\/www.ecuadoraldia.com.ec\/?p=6226"},"modified":"2014-12-01T00:43:22","modified_gmt":"2014-12-01T00:43:22","slug":"las-farc-liberan-a-general-y-otros-dos-cautivos-en-colombia-y-piden-armisticio","status":"publish","type":"post","link":"https:\/\/www.ecuadoraldia.com.ec\/?p=6226","title":{"rendered":"Las FARC liberan a general y otros dos cautivos en Colombia y piden \u00abarmisticio\u00bb"},"content":{"rendered":"<figure id=\"attachment_6227\" aria-describedby=\"caption-attachment-6227\" style=\"width: 300px\" class=\"wp-caption alignleft\"><a href=\"http:\/\/www.ecuadoraldia.com.ec\/wp-content\/uploads\/2014\/12\/farc-liberan-militar.jpg\"><img loading=\"lazy\" decoding=\"async\" class=\"size-medium wp-image-6227\" src=\"http:\/\/www.ecuadoraldia.com.ec\/wp-content\/uploads\/2014\/12\/farc-liberan-militar-300x144.jpg\" alt=\"Estas son las primeras im\u00e1genes de los liberados, el General Rub\u00e9n Alzate (d), el cabo Jorge Rodr\u00edguez (2-d) y la abogada Gloria Urrego (3-d) en Medell\u00edn. Foto: Agencia AFP\" width=\"300\" height=\"144\" srcset=\"https:\/\/www.ecuadoraldia.com.ec\/wp-content\/uploads\/2014\/12\/farc-liberan-militar-300x144.jpg 300w, https:\/\/www.ecuadoraldia.com.ec\/wp-content\/uploads\/2014\/12\/farc-liberan-militar.jpg 450w\" sizes=\"(max-width: 300px) 100vw, 300px\" \/><\/a><figcaption id=\"caption-attachment-6227\" class=\"wp-caption-text\">Estas son las primeras im\u00e1genes de los liberados, el General Rub\u00e9n Alzate (d), el cabo Jorge Rodr\u00edguez (2-d) y la abogada Gloria Urrego (3-d) en Medell\u00edn. Foto: Agencia AFP<\/figcaption><\/figure>\n<p>Agencia AFP. La guerrilla comunista FARC liber\u00f3 este domingo en Colombia a un general del Ej\u00e9rcito y a otros dos cautivos, y propuso un \u00abarmisticio\u00bb para propiciar el desarrollo del proceso de paz, suspendido por el gobierno tras las capturas.<\/p>\n<p style=\"text-align: justify;\">El brigadier general Rub\u00e9n Dar\u00edo Alzate, el cabo Jorge Rodr\u00edguez y la abogada Gloria Urrego fueron entregados a una misi\u00f3n humanitaria en el caser\u00edo de Veg\u00e1ez, a orillas del r\u00edo Arqu\u00eda, al noreste de la zona del departamento de Choco donde fueron capturados el 16 de noviembre por las Fuerzas Armadas Revolucionarias de Colombia (FARC), indic\u00f3 el grupo rebelde en un comunicado.<\/p>\n<p style=\"text-align: justify;\">\u00abLiberados (&#8230;) en perfectas condiciones\u00bb, anunci\u00f3 antes en Twitter el presidente Juan Manuel Santos, quien exig\u00eda el regreso de los retenidos como requisito para restaurar las pl\u00e1ticas con las FARC, que tienen lugar desde hace dos a\u00f1os en Cuba sin un alto al fuego en Colombia.<\/p>\n<p style=\"text-align: justify;\">Este paso de las FARC \u00abcontribuye a recuperar el clima propicio para continuar los di\u00e1logos\u00bb, indic\u00f3 tambi\u00e9n el mandatario en un comunicado.<\/p>\n<p style=\"text-align: justify;\">El operativo, complicado por intensas lluvias en la remota y selv\u00e1tica regi\u00f3n de Choc\u00f3, la m\u00e1s pobre de Colombia, fue supervisado por el comandante guerrillero alias Pastor Alape, negociador de paz en La Habana y comandante del bloque Iv\u00e1n R\u00edos, que viaj\u00f3 especialmente mandatado por el jefe m\u00e1ximo de la guerrilla, alias Timole\u00f3n Jim\u00e9nez, seg\u00fan las FARC.<\/p>\n<p style=\"text-align: justify;\">Delegados del Comit\u00e9 Internacional de la Cruz Roja (CICR) y representantes de Cuba y Noruega, garantes de los di\u00e1logos de paz, acompa\u00f1aron a los tres liberados hasta una unidad militar, desde donde se espera viajar\u00e1n en las pr\u00f3ximas horas a Bogot\u00e1.<\/p>\n<p style=\"text-align: justify;\">\u00abEl CICR ha podido llevar a cabo esta operaci\u00f3n gracias a la confianza que las partes depositan en la Instituci\u00f3n y en su labor humanitaria\u00bb, dijo el jefe de la delegaci\u00f3n del CICR en Colombia, Christoph Harnisch. \u00abReiteramos nuestra disposici\u00f3n para seguir actuando como intermediario neutral en este tipo de operaciones\u00bb, agreg\u00f3 Harnisch.<\/p>\n<p style=\"text-align: justify;\">\u201cEsperamos que puedan reanudarse pronto los di\u00e1logos de paz entre el Gobierno de Colombia y las FARC-EP. Reiteramos tambi\u00e9n la voluntad del CICR de apoyar este proceso con el fin de seguir aliviando el sufrimiento de todas las v\u00edctimas de este largo conflicto\u201d, indic\u00f3 Harnisch.<\/p>\n<p style=\"text-align: justify;\">Alzate, el oficial de m\u00e1s alto rango tomado por las FARC en 50 a\u00f1os de conflicto armado, fue retenido por el bloque Iv\u00e1n R\u00edos junto a su asistente y la asesora de proyectos especiales del Ej\u00e9rcito durante un desplazamiento de civil y sin escoltas cerca de la capital regional Quibd\u00f3.<\/p>\n<p style=\"text-align: justify;\">Los tres son ansiosamente esperados por sus familiares que buscan respuestas a lo ocurrido. Alzate, un condecorado general de 55 a\u00f1os, tambi\u00e9n deber\u00e1 dar explicaciones al Congreso, que ya anunci\u00f3 que lo convocar\u00e1 para saber las razones de esta aparente violaci\u00f3n de las reglas b\u00e1sicas de seguridad.<\/p>\n<p style=\"text-align: justify;\">Video cortes\u00eda de http:\/\/www.noticiascaracol.com\/<\/p>\n<p style=\"text-align: justify;\">\n\u00abRedise\u00f1ar las reglas de juego\u00bb<\/p>\n<p style=\"text-align: justify;\">Desde La Habana, las FARC llamaron a \u00abredise\u00f1ar las reglas de juego\u00bb de las negociaciones para que \u00abning\u00fan suceso b\u00e9lico en los campos de combate\u00bb justifique una nueva interrupci\u00f3n. \u00abEs hora del cese bilateral del fuego, del armisticio\u00bb, subrayaron.<\/p>\n<p style=\"text-align: justify;\">Pero en un comunicado, Santos reafirm\u00f3 su \u00abconvicci\u00f3n\u00bb de que negociar sin una tregua \u00abha sido la mejor manera de preservar\u00bb el proceso de paz.<\/p>\n<p style=\"text-align: justify;\">La ins\u00f3lita captura del general y sus acompa\u00f1antes, que tiene perpleja a Colombia, provoc\u00f3 la suspensi\u00f3n de las pl\u00e1ticas para terminar un conflicto armado que ya ha dejado oficialmente 220.000 muertos y 5,3 millones de desplazados.<\/p>\n<p style=\"text-align: justify;\">Las FARC, principal guerrilla de Colombia con unos 8.000 combatientes, ya hab\u00edan liberado el martes a dos soldados capturados el 9 de noviembre tras combates en Arauca (este), operativo para el cual tambi\u00e9n viaj\u00f3 desde Cuba el comandante alias Carlos Antonio Losada, indic\u00f3 el grupo insurgente este domingo.<\/p>\n<p style=\"text-align: justify;\">La polit\u00f3loga Angelika Rettberg atribuy\u00f3 la agilidad y rapidez con la que se encaminaron las liberaciones al inter\u00e9s del gobierno y de la guerrilla en evitar una escalada de la crisis. \u00abEl proceso de paz ya tiene inercia\u00bb, dijo a la AFP.<\/p>\n<p style=\"text-align: justify;\">Sin embargo, se desconocen c\u00f3mo y cu\u00e1ndo se reiniciar\u00e1n las conversaciones, que tras un receso normal deb\u00edan retomarse el 18 de noviembre.<\/p>\n<p style=\"text-align: justify;\">\u00abEs dif\u00edcil que el proceso de paz pueda reanudarse como si nada hubiera pasado\u00bb, se\u00f1al\u00f3 a la AFP Christian Voelkel, analista para Colombia del International Crisis Group (ICG), una ONG especializada en la resoluci\u00f3n de conflictos. \u00abA largo plazo este episodio va a hacerse sentir en La Habana\u00bb, subray\u00f3.<\/p>\n<p style=\"text-align: justify;\">Alias Timole\u00f3n Jim\u00e9nez ya lo advirti\u00f3 la semana pasada, cuando desde la clandestinidad dijo que \u00ablas cosas no podr\u00e1n reanudarse as\u00ed no m\u00e1s, habr\u00e1 que hacer diversas consideraciones\u00bb.<\/p>\n<p style=\"text-align: justify;\">La guerrilla tambi\u00e9n aprovech\u00f3 para reclamar por los rebeldes presos, indicando que espera que esta liberaci\u00f3n \u00abextienda sus efectos ben\u00e9ficos a los prisioneros pol\u00edticos y sociales del pa\u00eds\u00bb.<\/p>\n","protected":false},"excerpt":{"rendered":"<p>Agencia AFP. La guerrilla comunista FARC liber\u00f3 este domingo en Colombia a un general del Ej\u00e9rcito y a otros dos<\/p>\n","protected":false},"author":1,"featured_media":0,"comment_status":"open","ping_status":"open","sticky":false,"template":"","format":"standard","meta":{"footnotes":""},"categories":[1],"tags":[],"_links":{"self":[{"href":"https:\/\/www.ecuadoraldia.com.ec\/index.php?rest_route=\/wp\/v2\/posts\/6226"}],"collection":[{"href":"https:\/\/www.ecuadoraldia.com.ec\/index.php?rest_route=\/wp\/v2\/posts"}],"about":[{"href":"https:\/\/www.ecuadoraldia.com.ec\/index.php?rest_route=\/wp\/v2\/types\/post"}],"author":[{"embeddable":true,"href":"https:\/\/www.ecuadoraldia.com.ec\/index.php?rest_route=\/wp\/v2\/users\/1"}],"replies":[{"embeddable":true,"href":"https:\/\/www.ecuadoraldia.com.ec\/index.php?rest_route=%2Fwp%2Fv2%2Fcomments&post=6226"}],"version-history":[{"count":1,"href":"https:\/\/www.ecuadoraldia.com.ec\/index.php?rest_route=\/wp\/v2\/posts\/6226\/revisions"}],"predecessor-version":[{"id":6228,"href":"https:\/\/www.ecuadoraldia.com.ec\/index.php?rest_route=\/wp\/v2\/posts\/6226\/revisions\/6228"}],"wp:attachment":[{"href":"https:\/\/www.ecuadoraldia.com.ec\/index.php?rest_route=%2Fwp%2Fv2%2Fmedia&parent=6226"}],"wp:term":[{"taxonomy":"category","embeddable":true,"href":"https:\/\/www.ecuadoraldia.com.ec\/index.php?rest_route=%2Fwp%2Fv2%2Fcategories&post=6226"},{"taxonomy":"post_tag","embeddable":true,"href":"https:\/\/www.ecuadoraldia.com.ec\/index.php?rest_route=%2Fwp%2Fv2%2Ftags&post=6226"}],"curies":[{"name":"wp","href":"https:\/\/api.w.org\/{rel}","templated":true}]}}