{"id":6229,"date":"2014-12-01T00:51:43","date_gmt":"2014-12-01T00:51:43","guid":{"rendered":"http:\/\/www.ecuadoraldia.com.ec\/?p=6229"},"modified":"2014-12-01T00:51:43","modified_gmt":"2014-12-01T00:51:43","slug":"vazquez-nuestro-agradecimiento-a-quienes-nos-encomendaron-nuevamente-la-responsabilidad-de-gobierno","status":"publish","type":"post","link":"https:\/\/www.ecuadoraldia.com.ec\/?p=6229","title":{"rendered":"V\u00e1zquez: \u00abNuestro agradecimiento a quienes nos encomendaron nuevamente la responsabilidad de Gobierno\u00bb"},"content":{"rendered":"<p style=\"text-align: justify;\"><a href=\"http:\/\/www.ecuadoraldia.com.ec\/wp-content\/uploads\/2014\/12\/Tabare1.jpg\"><img loading=\"lazy\" decoding=\"async\" class=\"alignleft size-medium wp-image-6230\" src=\"http:\/\/www.ecuadoraldia.com.ec\/wp-content\/uploads\/2014\/12\/Tabare1-300x202.jpg\" alt=\"-Tabare1\" width=\"300\" height=\"202\" srcset=\"https:\/\/www.ecuadoraldia.com.ec\/wp-content\/uploads\/2014\/12\/Tabare1-300x202.jpg 300w, https:\/\/www.ecuadoraldia.com.ec\/wp-content\/uploads\/2014\/12\/Tabare1.jpg 450w\" sizes=\"(max-width: 300px) 100vw, 300px\" \/><\/a>AFP. El candidato, que ha ganado m\u00e1s del 59% de votos a boca de urna y confirmado por 3 de las encuestadoras que han seguido el proceso electoral, emiti\u00f3 sus primeras declaraciones en medio de gritos y aplausos de los militantes de su partido.<\/p>\n<p style=\"text-align: justify;\">V\u00e1squez inici\u00f3 comparando el actual triunfo que se vivi\u00f3 en el a\u00f1o 1980, cuando los uruguayos rechazaron el r\u00e9gimen dictatorial que se hab\u00eda instaurado en 1973.<\/p>\n<p style=\"text-align: justify;\">\u00abAquel contundente NO, 56% votos emitidos fue tambi\u00e9n un rotundo SI a la democracia que reconquistamos en 1985. Hoy exactamente 30 a\u00f1os despu\u00e9s de aquel pronunciamiento que marc\u00f3 un hito en la historia del Uruguay contempor\u00e1neo, los uruguayos nuevamente hemos dicho S\u00ed, a m\u00e1s libertades, m\u00e1s derechos, mejor democracia y mejor ciudadan\u00eda, m\u00e1s desarrollo econ\u00f3mico, social y cultural\u00bb, expres\u00f3 ante cientos de simpatizantes.<\/p>\n<p style=\"text-align: justify;\">Durante aproximadamente 10 minutos se refiri\u00f3 puntualmente a la base de las estrategias pol\u00edticas de su pr\u00f3ximo mandato que regir\u00e1 a partir del 1 de marzo.<\/p>\n<p style=\"text-align: justify;\">Dijo que se comprometer\u00e1 con la cultura, de la que dijo \u00aben su sentido m\u00e1s amplio y profundo no es un adorno del desarrollo, es el n\u00facleo del mismo \u00ab<\/p>\n<p style=\"text-align: justify;\">Asegur\u00f3 \u00abm\u00e1s trabajo, mejor empleo y mayor valor agregado en nuestra producci\u00f3n y sostenibilidad ambiental; m\u00e1s y mejor infraestructura y equipamiento para la actividad econ\u00f3mica del pa\u00eds y la vida cotidiana de las personas; m\u00e1s y mejores servicios p\u00fablicos de calidad, en salud, educaci\u00f3n, seguridad, cuidados para todos los uruguayos y muy especialmente para quienes m\u00e1s lo necesitan.; m\u00e1s integraci\u00f3n interna ye externa, entre nosotros y nuestra regi\u00f3n y con el mundo; nuevas esperanzas y nuevos objetivos porque el porvenir es parte de la vida\u00bb, sostuvo el ganador.<\/p>\n<p style=\"text-align: justify;\">V\u00e1squez festej\u00f3 el clima de paz, respeto y compromiso republicano de la jornada electoral, pues consider\u00f3 que se trata de la forma de ser de los uruguayos.<\/p>\n<p>Justific\u00f3 esta acci\u00f3n como el resultado de varios factores entre los cuales destacan la de miles de ciudadanos que cumplieron y agradeci\u00f3 a integrantes de las mesas electoras, as\u00ed como tambi\u00e9n la labor de los delegados partidarios, de los funcionarios de la Corte Electoral, del Ministerio de Interior y de Defensa, trabajadores de transporte, de la salud, de los medios de comunicaci\u00f3n y otros servicios que colaboraron con el normal desarrollo del sufragio.<\/p>\n<p>Tambi\u00e9n tuvo palabras de agradecimiento para sus contrincantes al doctor Lacalle Pou y al doctor Larra\u00f1aga y a los que apoyaron la f\u00f3rmula presidencial.<\/p>\n<p>Salud\u00f3 a los mandatarios de varios pa\u00edses de diferentes partidos colaboradores, e inform\u00f3 que ya se hab\u00edan comunicado con \u00e9l.<\/p>\n<p>Tabar\u00e9 V\u00e1squez expres\u00f3 total agradecimiento a quienes le encomendaron nuevamente la responsabilidad de Gobierno, pues dijo que no hab\u00eda sido una casualidad.<\/p>\n<p>Explic\u00f3 que ese apoyo naci\u00f3 del fruto de la credibilidad a su frente amplio de propuestas y acciones, as\u00ed como de la convicci\u00f3n, tenacidad y entusiasmo de sus militantes en todo el territorio uruguayo.<\/p>\n<p>Expres\u00f3 que la tarea de su equipo consistir\u00e1 en cumplir el mandato que le confiaron, basado en valores y principios de su partido con 53 a\u00f1os de trayectoria y en la propuesta program\u00e1tica del gobierno para 2015 1020, la que enfatiz\u00f3 que elabor\u00f3 y enriqueci\u00f3 con los uruguayos, y contando con las realidades de todo el pa\u00eds.<\/p>\n<p>No dej\u00f3 de dar gracias a su esposa y su familia por \u00absu apoyo e infinita paciencia\u00bb.<\/p>\n<p>\u00abM\u00e1s all\u00e1 de divisas y candidaturas partidarias hoy gan\u00f3 el Uruguay que es lo que nos une e identifica a Uruguay\u00bb, se\u00f1al\u00f3.<\/p>\n<p>V\u00e1squez enfatiz\u00f3 en que el Uruguay del presente no es el 2015 ni del 2010 \u00abno es perfecto ni lo ser\u00e1, pero es cada d\u00eda mejor y puede mejorar m\u00e1s a\u00fan\u00bb<\/p>\n<p>De acuerdo a las demandas y desaf\u00edos que se planteen consider\u00f3 que se deber\u00e1n fijar objetivos ambiciosos pero alcanzables, \u00abalgunos ser\u00e1n inmediatos y otros a largo plazo, pero todos han de ser encarados con perspectiva estrat\u00e9gica\u00bb.<\/p>\n<p>Ante aplausos de los presentes, Tabar\u00e9 V\u00e1squez puntualizaba su discurso con frases emotivas: \u00abNo hay que pensar tanto en las pr\u00f3ximas en las elecciones y hay que pensar m\u00e1s en la pr\u00f3ximas generaciones\u00bb, dijo.<\/p>\n<p>Coment\u00ed que en materia de desarrollo y social lo aut\u00e9ntico y duradero es fruto de objetivos, compromisos y de trabajo compartido entre todos.<\/p>\n<p>Detall\u00f3 que esto implicar\u00e1 acuerdos y di\u00e1logos entre todos los sectores y en todos los \u00e1mbitos de la sociedad sobre los temas vertebrales de la agenda del pa\u00eds, como la convivencia, educaci\u00f3n y la salud, vivienda e infraestructura, protecci\u00f3n social, innovaci\u00f3n, producci\u00f3n y medio ambiente, trabajo y empleo decente.<\/p>\n","protected":false},"excerpt":{"rendered":"<p>AFP. El candidato, que ha ganado m\u00e1s del 59% de votos a boca de urna y confirmado por 3 de<\/p>\n","protected":false},"author":1,"featured_media":0,"comment_status":"open","ping_status":"open","sticky":false,"template":"","format":"standard","meta":{"footnotes":""},"categories":[7],"tags":[],"_links":{"self":[{"href":"https:\/\/www.ecuadoraldia.com.ec\/index.php?rest_route=\/wp\/v2\/posts\/6229"}],"collection":[{"href":"https:\/\/www.ecuadoraldia.com.ec\/index.php?rest_route=\/wp\/v2\/posts"}],"about":[{"href":"https:\/\/www.ecuadoraldia.com.ec\/index.php?rest_route=\/wp\/v2\/types\/post"}],"author":[{"embeddable":true,"href":"https:\/\/www.ecuadoraldia.com.ec\/index.php?rest_route=\/wp\/v2\/users\/1"}],"replies":[{"embeddable":true,"href":"https:\/\/www.ecuadoraldia.com.ec\/index.php?rest_route=%2Fwp%2Fv2%2Fcomments&post=6229"}],"version-history":[{"count":1,"href":"https:\/\/www.ecuadoraldia.com.ec\/index.php?rest_route=\/wp\/v2\/posts\/6229\/revisions"}],"predecessor-version":[{"id":6231,"href":"https:\/\/www.ecuadoraldia.com.ec\/index.php?rest_route=\/wp\/v2\/posts\/6229\/revisions\/6231"}],"wp:attachment":[{"href":"https:\/\/www.ecuadoraldia.com.ec\/index.php?rest_route=%2Fwp%2Fv2%2Fmedia&parent=6229"}],"wp:term":[{"taxonomy":"category","embeddable":true,"href":"https:\/\/www.ecuadoraldia.com.ec\/index.php?rest_route=%2Fwp%2Fv2%2Fcategories&post=6229"},{"taxonomy":"post_tag","embeddable":true,"href":"https:\/\/www.ecuadoraldia.com.ec\/index.php?rest_route=%2Fwp%2Fv2%2Ftags&post=6229"}],"curies":[{"name":"wp","href":"https:\/\/api.w.org\/{rel}","templated":true}]}}