{"id":6232,"date":"2014-12-01T17:46:15","date_gmt":"2014-12-01T17:46:15","guid":{"rendered":"http:\/\/www.ecuadoraldia.com.ec\/?p=6232"},"modified":"2014-12-01T17:46:15","modified_gmt":"2014-12-01T17:46:15","slug":"tabare-vazquez-anuncia-su-deseo-de-asistir-a-inauguracion-de-sede-de-la-unasur-en-quito","status":"publish","type":"post","link":"https:\/\/www.ecuadoraldia.com.ec\/?p=6232","title":{"rendered":"Tabar\u00e9 V\u00e1zquez anuncia su deseo de asistir a inauguraci\u00f3n de sede de la Unasur en Quito"},"content":{"rendered":"<p><a href=\"http:\/\/www.ecuadoraldia.com.ec\/wp-content\/uploads\/2014\/12\/tabare_vazquez.jpg\"><img loading=\"lazy\" decoding=\"async\" class=\"alignleft size-medium wp-image-6233\" src=\"http:\/\/www.ecuadoraldia.com.ec\/wp-content\/uploads\/2014\/12\/tabare_vazquez-300x186.jpg\" alt=\"tabare_vazquez\" width=\"300\" height=\"186\" srcset=\"https:\/\/www.ecuadoraldia.com.ec\/wp-content\/uploads\/2014\/12\/tabare_vazquez-300x186.jpg 300w, https:\/\/www.ecuadoraldia.com.ec\/wp-content\/uploads\/2014\/12\/tabare_vazquez.jpg 580w\" sizes=\"(max-width: 300px) 100vw, 300px\" \/><\/a>Quito, 1 dic (Andes) \u2013 El presidente electo de Uruguay, el izquierdista Tabar\u00e9 V\u00e1zquez, anunci\u00f3 su deseo de asistir a la ceremonia especial de inauguraci\u00f3n del edificio sede de la Uni\u00f3n de Naciones Suramericanas, Unasur, el pr\u00f3ximo 5 de diciembre en Quito.<\/p>\n<p>As\u00ed lo manifest\u00f3 V\u00e1zquez a la presidenta argentina, Cristina Fern\u00e1ndez, quien llam\u00f3 al l\u00edder uruguayo tras conocer su victoria electoral, inform\u00f3 la Casa Rosada.<\/p>\n<p>La sede de la Unasur, ubicada en la ciudad Mitad del Mundo, a 15 kil\u00f3metros de Quito, llevar\u00e1 el nombre del expresidente argentino Nestor Kirchner.<\/p>\n<p>La semana pasada, Cristina Fern\u00e1ndez, recibi\u00f3 autorizaci\u00f3n de su m\u00e9dico para poder viajar a Quito para la ceremonia inaugural a la que, seg\u00fan el canciller ecuatoriano, han confirmado su presencia todos los jefes de Estado de los pa\u00edses que integran el organismo regional.<\/p>\n<p>V\u00e1zquez se impuso en un balotaje al centroderechista Luis Lacalle Pou, del Partido Nacional, por el 53% de los votos, seg\u00fan las primeras proyecciones de escrutinio de encuestadoras. (Andes)<\/p>\n","protected":false},"excerpt":{"rendered":"<p>Quito, 1 dic (Andes) \u2013 El presidente electo de Uruguay, el izquierdista Tabar\u00e9 V\u00e1zquez, anunci\u00f3 su deseo de asistir a<\/p>\n","protected":false},"author":1,"featured_media":0,"comment_status":"open","ping_status":"open","sticky":false,"template":"","format":"standard","meta":{"footnotes":""},"categories":[1],"tags":[],"_links":{"self":[{"href":"https:\/\/www.ecuadoraldia.com.ec\/index.php?rest_route=\/wp\/v2\/posts\/6232"}],"collection":[{"href":"https:\/\/www.ecuadoraldia.com.ec\/index.php?rest_route=\/wp\/v2\/posts"}],"about":[{"href":"https:\/\/www.ecuadoraldia.com.ec\/index.php?rest_route=\/wp\/v2\/types\/post"}],"author":[{"embeddable":true,"href":"https:\/\/www.ecuadoraldia.com.ec\/index.php?rest_route=\/wp\/v2\/users\/1"}],"replies":[{"embeddable":true,"href":"https:\/\/www.ecuadoraldia.com.ec\/index.php?rest_route=%2Fwp%2Fv2%2Fcomments&post=6232"}],"version-history":[{"count":1,"href":"https:\/\/www.ecuadoraldia.com.ec\/index.php?rest_route=\/wp\/v2\/posts\/6232\/revisions"}],"predecessor-version":[{"id":6234,"href":"https:\/\/www.ecuadoraldia.com.ec\/index.php?rest_route=\/wp\/v2\/posts\/6232\/revisions\/6234"}],"wp:attachment":[{"href":"https:\/\/www.ecuadoraldia.com.ec\/index.php?rest_route=%2Fwp%2Fv2%2Fmedia&parent=6232"}],"wp:term":[{"taxonomy":"category","embeddable":true,"href":"https:\/\/www.ecuadoraldia.com.ec\/index.php?rest_route=%2Fwp%2Fv2%2Fcategories&post=6232"},{"taxonomy":"post_tag","embeddable":true,"href":"https:\/\/www.ecuadoraldia.com.ec\/index.php?rest_route=%2Fwp%2Fv2%2Ftags&post=6232"}],"curies":[{"name":"wp","href":"https:\/\/api.w.org\/{rel}","templated":true}]}}