{"id":6238,"date":"2014-12-01T17:48:42","date_gmt":"2014-12-01T17:48:42","guid":{"rendered":"http:\/\/www.ecuadoraldia.com.ec\/?p=6238"},"modified":"2014-12-06T23:34:03","modified_gmt":"2014-12-06T23:34:03","slug":"cine-talleres-y-conferencias-para-clausurar-la-feria-del-libro-de-quito","status":"publish","type":"post","link":"https:\/\/www.ecuadoraldia.com.ec\/?p=6238","title":{"rendered":"Cine, talleres y conferencias para clausurar la Feria del Libro de Quito"},"content":{"rendered":"<p style=\"text-align: justify;\"><a href=\"http:\/\/www.ecuadoraldia.com.ec\/wp-content\/uploads\/2014\/12\/feria_libro.jpg\"><img loading=\"lazy\" decoding=\"async\" class=\"alignleft size-medium wp-image-6239\" src=\"http:\/\/www.ecuadoraldia.com.ec\/wp-content\/uploads\/2014\/12\/feria_libro-300x200.jpg\" alt=\"feria_libro\" width=\"300\" height=\"200\" srcset=\"https:\/\/www.ecuadoraldia.com.ec\/wp-content\/uploads\/2014\/12\/feria_libro-300x200.jpg 300w, https:\/\/www.ecuadoraldia.com.ec\/wp-content\/uploads\/2014\/12\/feria_libro.jpg 580w\" sizes=\"(max-width: 300px) 100vw, 300px\" \/><\/a>Quito, 1 dic (Andes).- La Feria Internacional del Libro de Quito (FIL) llega a su fin este lunes 1 de diciembre. Despu\u00e9s de 10 d\u00edas de exhibici\u00f3n y venta de libros, muestras culturales y m\u00fasica en vivo, el encuentro de literatura ser\u00e1 clausurado con actividades hasta las 19:30 en la Casa de la Cultura Ecuatoriana y en exteriores.<\/p>\n<p style=\"text-align: justify;\">Este a\u00f1o, 100.000 obras salieron a la venta con descuentos de feria. Los textos variaron en todos los g\u00e9neros con libros para todos los gustos y en varios idiomas.<\/p>\n<p style=\"text-align: justify;\">El invitado de honor fue el Fondo de Cultura Econ\u00f3mica de M\u00e9xico, que aport\u00f3 con autores que dieron charlas y talleres. El escritor y periodista Juan Villoro rindi\u00f3 un homenaje al autor ecuatoriano Miguel Pareja Donoso.<\/p>\n<p style=\"text-align: justify;\">Agenda de la clausura<\/p>\n<p style=\"text-align: justify;\">Museo Nacional<\/p>\n<p style=\"text-align: justify;\">13:00 Taller cartonero: Matapalo<br \/>\n14:30 Taller de fanzine, dictado por Vanessa Rodr\u00edguez (Colombia).<br \/>\n16:00 Conferencia \u2018Editar en Sudam\u00e9rica: \u00bfproyecto cultural o aventura cultural\u2019, por Germ\u00e1n Baquiola.<br \/>\nFLACSO Cine<br \/>\nDel 1 al 4 de diciembre. Taller WebDoc \u2018Creaci\u00f3n de documentales para web, a partir de relatos y narrativas no lineales\u2019, dictado por Jorge Caballero. Inscripciones al correo miradascontemporaneas@gmail.com<br \/>\nCine<br \/>\n16:30 \u2018El viento contin\u00faa su gira\u2019 (Italia), de Giorgio Diritti (Cinemateca Nacional CCE).<br \/>\n19:30 \u2018Bagatela\u2019 (Colombia), de Jorge Caballero (FLACSO Cine)<\/p>\n<p style=\"text-align: justify;\">\n","protected":false},"excerpt":{"rendered":"<p>Quito, 1 dic (Andes).- La Feria Internacional del Libro de Quito (FIL) llega a su fin este lunes 1 de<\/p>\n","protected":false},"author":1,"featured_media":0,"comment_status":"open","ping_status":"open","sticky":false,"template":"","format":"standard","meta":{"footnotes":""},"categories":[14],"tags":[],"_links":{"self":[{"href":"https:\/\/www.ecuadoraldia.com.ec\/index.php?rest_route=\/wp\/v2\/posts\/6238"}],"collection":[{"href":"https:\/\/www.ecuadoraldia.com.ec\/index.php?rest_route=\/wp\/v2\/posts"}],"about":[{"href":"https:\/\/www.ecuadoraldia.com.ec\/index.php?rest_route=\/wp\/v2\/types\/post"}],"author":[{"embeddable":true,"href":"https:\/\/www.ecuadoraldia.com.ec\/index.php?rest_route=\/wp\/v2\/users\/1"}],"replies":[{"embeddable":true,"href":"https:\/\/www.ecuadoraldia.com.ec\/index.php?rest_route=%2Fwp%2Fv2%2Fcomments&post=6238"}],"version-history":[{"count":2,"href":"https:\/\/www.ecuadoraldia.com.ec\/index.php?rest_route=\/wp\/v2\/posts\/6238\/revisions"}],"predecessor-version":[{"id":6411,"href":"https:\/\/www.ecuadoraldia.com.ec\/index.php?rest_route=\/wp\/v2\/posts\/6238\/revisions\/6411"}],"wp:attachment":[{"href":"https:\/\/www.ecuadoraldia.com.ec\/index.php?rest_route=%2Fwp%2Fv2%2Fmedia&parent=6238"}],"wp:term":[{"taxonomy":"category","embeddable":true,"href":"https:\/\/www.ecuadoraldia.com.ec\/index.php?rest_route=%2Fwp%2Fv2%2Fcategories&post=6238"},{"taxonomy":"post_tag","embeddable":true,"href":"https:\/\/www.ecuadoraldia.com.ec\/index.php?rest_route=%2Fwp%2Fv2%2Ftags&post=6238"}],"curies":[{"name":"wp","href":"https:\/\/api.w.org\/{rel}","templated":true}]}}