{"id":6241,"date":"2014-12-01T17:49:40","date_gmt":"2014-12-01T17:49:40","guid":{"rendered":"http:\/\/www.ecuadoraldia.com.ec\/?p=6241"},"modified":"2014-12-01T17:49:40","modified_gmt":"2014-12-01T17:49:40","slug":"ecuador-impulsara-la-aprobacion-de-preferencias-arancelarias-con-la-ue","status":"publish","type":"post","link":"https:\/\/www.ecuadoraldia.com.ec\/?p=6241","title":{"rendered":"Ecuador impulsar\u00e1 la aprobaci\u00f3n de preferencias arancelarias con la UE"},"content":{"rendered":"<p><a href=\"http:\/\/www.ecuadoraldia.com.ec\/wp-content\/uploads\/2014\/12\/Rivedeneira.jpg\"><img loading=\"lazy\" decoding=\"async\" class=\"alignleft size-medium wp-image-6242\" src=\"http:\/\/www.ecuadoraldia.com.ec\/wp-content\/uploads\/2014\/12\/Rivedeneira-300x144.jpg\" alt=\"Rivedeneira\" width=\"300\" height=\"144\" srcset=\"https:\/\/www.ecuadoraldia.com.ec\/wp-content\/uploads\/2014\/12\/Rivedeneira-300x144.jpg 300w, https:\/\/www.ecuadoraldia.com.ec\/wp-content\/uploads\/2014\/12\/Rivedeneira.jpg 600w\" sizes=\"(max-width: 300px) 100vw, 300px\" \/><\/a>Quito (Pichincha).- El Ecuador busca impulsar la aprobaci\u00f3n del Reglamento que prev\u00e9 preferencias arancelarias para<\/p>\n<p>las exportaciones ecuatorianas en condiciones similares a las del actual Sistema General de Preferencias (SGP+) que<\/p>\n<p>culmina el 31 de diciembre. Para ello, el ministro de Comercio Exterior, Francisco Rivadeneira, viajar\u00e1 a Bruselas este<\/p>\n<p>lunes.<\/p>\n<p>Rivadeneira se reunir\u00e1 con Europarlamentarios y altos funcionarios de la Uni\u00f3n Europea, previo al debate sobre este<\/p>\n<p>reglamento que se realizar\u00e1 en la Comisi\u00f3n de Relaciones Internacionales del Parlamento Europeo (INTA), el 3 y 4 de<\/p>\n<p>diciembre.<\/p>\n<p>\u201cVamos a hacer el trabajo necesario para asegurar que el Parlamento Europeo apruebe el Reglamento, para que<\/p>\n<p>nuestros productos puedan acceder sin pagar aranceles a partir del 2015 hasta que entre en vigencia el Acuerdo<\/p>\n<p>Comercial Multipartes\u201c, asegur\u00f3 el ministro.<\/p>\n<p>El funcionario de Estado retornar\u00e1 a B\u00e9lgica para oficializar, el 12 de diciembre, el cierre del proceso de revisi\u00f3n<\/p>\n<p>jur\u00eddica con la r\u00fabrica de los textos negociados, que se incorporar\u00e1n al Protocolo de Adhesi\u00f3n del Ecuador al Acuerdo<\/p>\n<p>Multipartes. Comercio Exterior\/El Ciudadano<\/p>\n","protected":false},"excerpt":{"rendered":"<p>Quito (Pichincha).- El Ecuador busca impulsar la aprobaci\u00f3n del Reglamento que prev\u00e9 preferencias arancelarias para las exportaciones ecuatorianas en condiciones<\/p>\n","protected":false},"author":1,"featured_media":0,"comment_status":"open","ping_status":"open","sticky":false,"template":"","format":"standard","meta":{"footnotes":""},"categories":[1],"tags":[],"_links":{"self":[{"href":"https:\/\/www.ecuadoraldia.com.ec\/index.php?rest_route=\/wp\/v2\/posts\/6241"}],"collection":[{"href":"https:\/\/www.ecuadoraldia.com.ec\/index.php?rest_route=\/wp\/v2\/posts"}],"about":[{"href":"https:\/\/www.ecuadoraldia.com.ec\/index.php?rest_route=\/wp\/v2\/types\/post"}],"author":[{"embeddable":true,"href":"https:\/\/www.ecuadoraldia.com.ec\/index.php?rest_route=\/wp\/v2\/users\/1"}],"replies":[{"embeddable":true,"href":"https:\/\/www.ecuadoraldia.com.ec\/index.php?rest_route=%2Fwp%2Fv2%2Fcomments&post=6241"}],"version-history":[{"count":1,"href":"https:\/\/www.ecuadoraldia.com.ec\/index.php?rest_route=\/wp\/v2\/posts\/6241\/revisions"}],"predecessor-version":[{"id":6243,"href":"https:\/\/www.ecuadoraldia.com.ec\/index.php?rest_route=\/wp\/v2\/posts\/6241\/revisions\/6243"}],"wp:attachment":[{"href":"https:\/\/www.ecuadoraldia.com.ec\/index.php?rest_route=%2Fwp%2Fv2%2Fmedia&parent=6241"}],"wp:term":[{"taxonomy":"category","embeddable":true,"href":"https:\/\/www.ecuadoraldia.com.ec\/index.php?rest_route=%2Fwp%2Fv2%2Fcategories&post=6241"},{"taxonomy":"post_tag","embeddable":true,"href":"https:\/\/www.ecuadoraldia.com.ec\/index.php?rest_route=%2Fwp%2Fv2%2Ftags&post=6241"}],"curies":[{"name":"wp","href":"https:\/\/api.w.org\/{rel}","templated":true}]}}