{"id":6247,"date":"2014-12-01T17:52:50","date_gmt":"2014-12-01T17:52:50","guid":{"rendered":"http:\/\/www.ecuadoraldia.com.ec\/?p=6247"},"modified":"2014-12-01T17:52:50","modified_gmt":"2014-12-01T17:52:50","slug":"la-chilindrina-tambien-llego-al-cambio-de-guardia","status":"publish","type":"post","link":"https:\/\/www.ecuadoraldia.com.ec\/?p=6247","title":{"rendered":"La Chilindrina tambi\u00e9n lleg\u00f3 al cambio de guardia"},"content":{"rendered":"<p><a href=\"http:\/\/www.ecuadoraldia.com.ec\/wp-content\/uploads\/2014\/12\/chilindrina.jpg\"><img loading=\"lazy\" decoding=\"async\" class=\"alignleft size-medium wp-image-6248\" src=\"http:\/\/www.ecuadoraldia.com.ec\/wp-content\/uploads\/2014\/12\/chilindrina-300x166.jpg\" alt=\"chilindrina\" width=\"300\" height=\"166\" srcset=\"https:\/\/www.ecuadoraldia.com.ec\/wp-content\/uploads\/2014\/12\/chilindrina-300x166.jpg 300w, https:\/\/www.ecuadoraldia.com.ec\/wp-content\/uploads\/2014\/12\/chilindrina.jpg 612w\" sizes=\"(max-width: 300px) 100vw, 300px\" \/><\/a>Mar\u00eda Antonieta de las Nieves, quien personifica a la Chilindrina, asisti\u00f3 al cambio de guardia en el Palacio de<\/p>\n<p>Carondelet.<\/p>\n<p>Mientras empieza el cambio de guardia, previsto para las 11:00, el Alcalde, junto con su esposa, Mar\u00eda Fernanda<\/p>\n<p>Pacheco, las delegaciones de estudiantes que participaron en el embanderamiento y otras autoridades municipales,<\/p>\n<p>desfil\u00f3 por la calle Chile, desde la iglesia de La Merced. Mar\u00eda Antonieta de las Nieves, quien personifica a la<\/p>\n<p>Chilindrina, junto a Rafael Correa y Mauricio Rodas en el cambio de guardia.<\/p>\n<p>Concejales de Pa\u00eds y de Suma Vive se encuentran en la Plaza Grande, a la espera del cambio de guardia, entre ellos la<\/p>\n<p>segunda vicealcaldesa, Anabela Hermosa, quien indic\u00f3 que est\u00e1 contemplada una reuni\u00f3n entre Rodas y el presidente<\/p>\n<p>Rafael Correa. Adem\u00e1s, para este cambio de guardia, un personaje que cop\u00f3 la atenci\u00f3n en la Plaza Grande fue la<\/p>\n<p>Chilindrina. La actriz Maria Antonieta de las Nieves ingres\u00f3 al Palacio de Carondelet y se ubic\u00f3 junto al resto de<\/p>\n<p>invitados en el balc\u00f3n del edificio. Con la bandera de Quito como marco, Correa y Rodas conversaron e incluso<\/p>\n<p>intercambiaron sonrisas. Lo propio hicieron la vicealcaldesa Daniela Chac\u00f3n y el vicepresidente Jorge Glas. El ambiente<\/p>\n<p>fue de cordialidad y en el evento lejos quedaron las cr\u00edticas y las diferencias pol\u00edticas. En la Plaza de la Independencia,<\/p>\n<p>los aplausos no faltaron.<\/p>\n<p>EL COMERCIO<\/p>\n","protected":false},"excerpt":{"rendered":"<p>Mar\u00eda Antonieta de las Nieves, quien personifica a la Chilindrina, asisti\u00f3 al cambio de guardia en el Palacio de Carondelet.<\/p>\n","protected":false},"author":1,"featured_media":0,"comment_status":"open","ping_status":"open","sticky":false,"template":"","format":"standard","meta":{"footnotes":""},"categories":[3],"tags":[],"_links":{"self":[{"href":"https:\/\/www.ecuadoraldia.com.ec\/index.php?rest_route=\/wp\/v2\/posts\/6247"}],"collection":[{"href":"https:\/\/www.ecuadoraldia.com.ec\/index.php?rest_route=\/wp\/v2\/posts"}],"about":[{"href":"https:\/\/www.ecuadoraldia.com.ec\/index.php?rest_route=\/wp\/v2\/types\/post"}],"author":[{"embeddable":true,"href":"https:\/\/www.ecuadoraldia.com.ec\/index.php?rest_route=\/wp\/v2\/users\/1"}],"replies":[{"embeddable":true,"href":"https:\/\/www.ecuadoraldia.com.ec\/index.php?rest_route=%2Fwp%2Fv2%2Fcomments&post=6247"}],"version-history":[{"count":1,"href":"https:\/\/www.ecuadoraldia.com.ec\/index.php?rest_route=\/wp\/v2\/posts\/6247\/revisions"}],"predecessor-version":[{"id":6249,"href":"https:\/\/www.ecuadoraldia.com.ec\/index.php?rest_route=\/wp\/v2\/posts\/6247\/revisions\/6249"}],"wp:attachment":[{"href":"https:\/\/www.ecuadoraldia.com.ec\/index.php?rest_route=%2Fwp%2Fv2%2Fmedia&parent=6247"}],"wp:term":[{"taxonomy":"category","embeddable":true,"href":"https:\/\/www.ecuadoraldia.com.ec\/index.php?rest_route=%2Fwp%2Fv2%2Fcategories&post=6247"},{"taxonomy":"post_tag","embeddable":true,"href":"https:\/\/www.ecuadoraldia.com.ec\/index.php?rest_route=%2Fwp%2Fv2%2Ftags&post=6247"}],"curies":[{"name":"wp","href":"https:\/\/api.w.org\/{rel}","templated":true}]}}