{"id":6256,"date":"2014-12-01T23:22:59","date_gmt":"2014-12-01T23:22:59","guid":{"rendered":"http:\/\/www.ecuadoraldia.com.ec\/?p=6256"},"modified":"2014-12-01T23:22:59","modified_gmt":"2014-12-01T23:22:59","slug":"alcalde-de-quito-busca-apoyo-del-gobierno-central-para-concretar-proyecto-del-metro","status":"publish","type":"post","link":"https:\/\/www.ecuadoraldia.com.ec\/?p=6256","title":{"rendered":"Alcalde de Quito busca apoyo del gobierno central para concretar proyecto del Metro"},"content":{"rendered":"<p style=\"text-align: justify;\"><a href=\"http:\/\/www.ecuadoraldia.com.ec\/wp-content\/uploads\/2014\/12\/reunion_correa_rodas1.jpg\"><img loading=\"lazy\" decoding=\"async\" class=\"alignleft size-medium wp-image-6257\" src=\"http:\/\/www.ecuadoraldia.com.ec\/wp-content\/uploads\/2014\/12\/reunion_correa_rodas1-300x218.jpg\" alt=\"reunion_correa_rodas1\" width=\"300\" height=\"218\" srcset=\"https:\/\/www.ecuadoraldia.com.ec\/wp-content\/uploads\/2014\/12\/reunion_correa_rodas1-300x218.jpg 300w, https:\/\/www.ecuadoraldia.com.ec\/wp-content\/uploads\/2014\/12\/reunion_correa_rodas1.jpg 417w\" sizes=\"(max-width: 300px) 100vw, 300px\" \/><\/a>Quito, 1 dic (Andes) &#8211; El presidente Rafael Correa comparti\u00f3 un almuerzo con diferentes ministros de Estado, autoridades de Estado, representantes del municipio de Quito, entre ellos el alcalde Mauricio Rodas y concejales capitalinos, adem\u00e1s de representantes de consejos estudiantiles en conmemoraci\u00f3n de las fiestas por un aniversario m\u00e1s de la fundaci\u00f3n de la ciudad.<\/p>\n<p style=\"text-align: justify;\">El primer mandatario abog\u00f3 por una celebraci\u00f3n sana en estas festividades de fin de a\u00f1o. \u201cPara ser felices, para estar alegres, no se necesita ni drogas ni alcohol (\u2026) a disfrutar estas fiestas en paz, a homenajear a Quito, luego Navidad y A\u00f1o Nuevo, plet\u00f3ricos de alegr\u00eda pero sin excederse en la bebida, sin caer en vicios\u201d, dijo Correa.<\/p>\n<p style=\"text-align: justify;\">Antes de entrar al almuerzo el alcalde Mauricio Rodas se\u00f1al\u00f3 que conversar\u00e1 con el presidente Correa sobre temas importantes para Quito.<\/p>\n<p style=\"text-align: justify;\">\u201cEvidentemente nosotros estamos muy interesados en escuchar la reacci\u00f3n del gobierno nacional frente a la propuesta que el municipio de Quito ha planteado para cubrir parte de la diferencia que ser requiere para financiar la totalidad del costo del proyecto del Metro\u201d.<\/p>\n<p style=\"text-align: justify;\">Record\u00f3 que esta propuesta no generar\u00eda una carga financiera para la ciudad. \u201cTodos sabemos que el municipio de Quito tiene un l\u00edmite legal de endeudamiento reducido\u201d, apunt\u00f3 el burgomaestre.<\/p>\n<p style=\"text-align: justify;\">En ese sentido, destac\u00f3 que a trav\u00e9s del di\u00e1logo y coordinaci\u00f3n con el gobierno central se logre poner en marcha el proyecto del Metro de Quito.<\/p>\n<p style=\"text-align: justify;\">El Metro quite\u00f1o ha sido considerado como una prioridad para el gobierno ecuatoriano para potenciar el desarrollo de la capital. En ese sentido, ofreci\u00f3 750 millones de d\u00f3lares para la construcci\u00f3n de su primera etapa, monto que seg\u00fan estudios de la Administraci\u00f3n anterior del cabildo capitalino, ascend\u00eda a 1.500 millones.<\/p>\n<p style=\"text-align: justify;\">Sin embargo, tras una reuni\u00f3n mantenida entre el presidente ecuatoriano Rafael Correa y el alcalde de Quito, Mauricio Rodas, en julio pasado, ambas autoridades mostraron su preocupaci\u00f3n ante la posibilidad que el costo de la obra supere al previsto inicialmente.<\/p>\n<p style=\"text-align: justify;\">A su vez, el proyecto ecuatoriano recibi\u00f3 otro cr\u00e9dito por 205 millones de d\u00f3lares por parte del directorio ejecutivo del Banco Mundial (BM) en 2013 y se espera contar tambi\u00e9n con pr\u00e9stamos del Banco Interamericano de Desarrollo (BID), Banco Europeo de Inversi\u00f3n y de la Corporaci\u00f3n Andina de Fomento.<\/p>\n<p style=\"text-align: justify;\">Se estima que la primera l\u00ednea del metro, contemplada en 15 estaciones a lo largo de 23 kil\u00f3metros de recorrido, permita la movilizaci\u00f3n diaria de alrededor de 400.000 personas, es decir, 46.000 mil por hora: 23.000 en el sentido norte-sur y 23.000 sur-norte.<\/p>\n<p style=\"text-align: justify;\">En un marco general, se prev\u00e9 que el metro capitalino logre una reducci\u00f3n de los tiempos de viaje, la disminuci\u00f3n de los costos operativos del servicio de transporte, el mejoramiento de la conectividad, la seguridad y comodidad del sistema actual y tambi\u00e9n impactos ambientales positivos a largo plazo, a trav\u00e9s de la mejora de la calidad del aire por la reducci\u00f3n de las emisiones contaminantes.<\/p>\n<p>&nbsp;<\/p>\n","protected":false},"excerpt":{"rendered":"<p>Quito, 1 dic (Andes) &#8211; El presidente Rafael Correa comparti\u00f3 un almuerzo con diferentes ministros de Estado, autoridades de Estado,<\/p>\n","protected":false},"author":1,"featured_media":0,"comment_status":"open","ping_status":"open","sticky":false,"template":"","format":"standard","meta":{"footnotes":""},"categories":[3],"tags":[],"_links":{"self":[{"href":"https:\/\/www.ecuadoraldia.com.ec\/index.php?rest_route=\/wp\/v2\/posts\/6256"}],"collection":[{"href":"https:\/\/www.ecuadoraldia.com.ec\/index.php?rest_route=\/wp\/v2\/posts"}],"about":[{"href":"https:\/\/www.ecuadoraldia.com.ec\/index.php?rest_route=\/wp\/v2\/types\/post"}],"author":[{"embeddable":true,"href":"https:\/\/www.ecuadoraldia.com.ec\/index.php?rest_route=\/wp\/v2\/users\/1"}],"replies":[{"embeddable":true,"href":"https:\/\/www.ecuadoraldia.com.ec\/index.php?rest_route=%2Fwp%2Fv2%2Fcomments&post=6256"}],"version-history":[{"count":1,"href":"https:\/\/www.ecuadoraldia.com.ec\/index.php?rest_route=\/wp\/v2\/posts\/6256\/revisions"}],"predecessor-version":[{"id":6258,"href":"https:\/\/www.ecuadoraldia.com.ec\/index.php?rest_route=\/wp\/v2\/posts\/6256\/revisions\/6258"}],"wp:attachment":[{"href":"https:\/\/www.ecuadoraldia.com.ec\/index.php?rest_route=%2Fwp%2Fv2%2Fmedia&parent=6256"}],"wp:term":[{"taxonomy":"category","embeddable":true,"href":"https:\/\/www.ecuadoraldia.com.ec\/index.php?rest_route=%2Fwp%2Fv2%2Fcategories&post=6256"},{"taxonomy":"post_tag","embeddable":true,"href":"https:\/\/www.ecuadoraldia.com.ec\/index.php?rest_route=%2Fwp%2Fv2%2Ftags&post=6256"}],"curies":[{"name":"wp","href":"https:\/\/api.w.org\/{rel}","templated":true}]}}