{"id":6259,"date":"2014-12-01T23:29:56","date_gmt":"2014-12-01T23:29:56","guid":{"rendered":"http:\/\/www.ecuadoraldia.com.ec\/?p=6259"},"modified":"2014-12-01T23:29:56","modified_gmt":"2014-12-01T23:29:56","slug":"ayotzinapa-es-un-parte-aguas-dice-embajador-mexicano-en-ecuador","status":"publish","type":"post","link":"https:\/\/www.ecuadoraldia.com.ec\/?p=6259","title":{"rendered":"\u00abAyotzinapa es un parte-aguas\u00bb, dice embajador mexicano en Ecuador"},"content":{"rendered":"<p style=\"text-align: justify;\"><a href=\"http:\/\/www.ecuadoraldia.com.ec\/wp-content\/uploads\/2014\/12\/pe\u00f1a.jpg\"><img loading=\"lazy\" decoding=\"async\" class=\"alignleft size-full wp-image-6260\" src=\"http:\/\/www.ecuadoraldia.com.ec\/wp-content\/uploads\/2014\/12\/pe\u00f1a.jpg\" alt=\"pe\u00f1a\" width=\"232\" height=\"291\" \/><\/a>Quito, 1 dic (Andes).- El embajador mexicano en Quito, Jaime de Arenal, consider\u00f3 este lunes el caso de los 43 estudiantes desaparecidos en su pa\u00eds desde hace m\u00e1s de dos meses como un \u00abparte-aguas\u00bb que dijo motivar\u00e1 un cambio en M\u00e9xico y explic\u00f3 las medidas anunciadas por el presidente Enrique Pe\u00f1a Nieto con ese fin.<\/p>\n<p style=\"text-align: justify;\">Portando una camiseta blanca con la frase \u201cTodos somos Ayotzinapa\u201d, la frase que recorre el mundo para expresar solidaridad con el caso, el embajador Arenal conden\u00f3 la desaparici\u00f3n de los estudiantes normalistas y mencion\u00f3 aspectos que M\u00e9xico quiere fortalecer para evitar futuras infiltraciones del crimen organizado en los municipios.<\/p>\n<p style=\"text-align: justify;\">\u00abAyotzinapa es un &#8216;parte-aguas&#8217; (\u2026) Esto no puede continuar, sino que debe cambiar y va a cambiar porque la voluntad del pueblo mexicano es esa\u201d dijo Arenal en una conferencia de prensa en la sede diplom\u00e1tica.<\/p>\n<p style=\"text-align: justify;\">Las reformas planteadas la semana pasada por Pe\u00f1a Nieto buscan combatir la desigualdad, la pobreza, la marginaci\u00f3n y el crimen, explic\u00f3.<\/p>\n<p style=\"text-align: justify;\">Entre los diez puntos que el presidente Pe\u00f1a Nieto mencion\u00f3 en su plan destacan la eliminaci\u00f3n de 1.800 polic\u00edas municipales a nivel nacional para contar con 32 corporaciones de seguridad estatal; la creaci\u00f3n de una l\u00ednea telef\u00f3nica \u00fanica para emergencias a nivel nacional y el establecimiento de un sistema de clave \u00fanica de identidad.<\/p>\n<p style=\"text-align: justify;\">De igual manera, el gobierno federal busca acciones que pondr\u00e1n al d\u00eda instrumentos para proteger los Derechos Humanos como la creaci\u00f3n de un observatorio ciudadano.<\/p>\n<p style=\"text-align: justify;\">Arenal agradeci\u00f3 las muestras de solidaridad en la serie de vigilias que se han dado en Quito para demandar justicia.<\/p>\n<p style=\"text-align: justify;\">\u201cNo hay ning\u00fan tipo de tapujo ni ocultaci\u00f3n de informaci\u00f3n (\u2026) los restos que se encontraron est\u00e1n muy deteriorados y se han llevado a la Universidad Innsbruck en Austria para que con los mecanismos que tienen se puedan determinar si son (los estudiantes). Por eso no podemos decir si son o no son. Jur\u00eddicamente siguen desaparecidos\u201d, indic\u00f3.<\/p>\n<p style=\"text-align: justify;\">Las autoridades mexicanos divulgaron hace unas semanas testimonios de miembros del cartel del narcotr\u00e1fico Guerreros Unidos, quienes admit\u00edan haber asesinado y quemado en un basurero a los estudiantes.<\/p>\n<p style=\"text-align: justify;\">El caso de los j\u00f3venes ha provacado muestras de solidaridad en todo el mundo y masivas protestas en M\u00e9xico para pedir justicia e, incluso, la renuncia del Pe\u00f1a Nieto.<\/p>\n<p style=\"text-align: justify;\">En medio de la peor crisis de su mandato, el presidente mexicano cumpli\u00f3 este lunes 1 de diciembre dos a\u00f1os en el poder con una aprobaci\u00f3n que cay\u00f3 al 39%, el nivel de popularidad m\u00e1s bajo para un presidente mexicano desde 1995, seg\u00fan encuestas nacionales realizadas por el Grupo Reforma.<\/p>\n","protected":false},"excerpt":{"rendered":"<p>Quito, 1 dic (Andes).- El embajador mexicano en Quito, Jaime de Arenal, consider\u00f3 este lunes el caso de los 43<\/p>\n","protected":false},"author":1,"featured_media":0,"comment_status":"open","ping_status":"open","sticky":false,"template":"","format":"standard","meta":{"footnotes":""},"categories":[1],"tags":[],"_links":{"self":[{"href":"https:\/\/www.ecuadoraldia.com.ec\/index.php?rest_route=\/wp\/v2\/posts\/6259"}],"collection":[{"href":"https:\/\/www.ecuadoraldia.com.ec\/index.php?rest_route=\/wp\/v2\/posts"}],"about":[{"href":"https:\/\/www.ecuadoraldia.com.ec\/index.php?rest_route=\/wp\/v2\/types\/post"}],"author":[{"embeddable":true,"href":"https:\/\/www.ecuadoraldia.com.ec\/index.php?rest_route=\/wp\/v2\/users\/1"}],"replies":[{"embeddable":true,"href":"https:\/\/www.ecuadoraldia.com.ec\/index.php?rest_route=%2Fwp%2Fv2%2Fcomments&post=6259"}],"version-history":[{"count":1,"href":"https:\/\/www.ecuadoraldia.com.ec\/index.php?rest_route=\/wp\/v2\/posts\/6259\/revisions"}],"predecessor-version":[{"id":6261,"href":"https:\/\/www.ecuadoraldia.com.ec\/index.php?rest_route=\/wp\/v2\/posts\/6259\/revisions\/6261"}],"wp:attachment":[{"href":"https:\/\/www.ecuadoraldia.com.ec\/index.php?rest_route=%2Fwp%2Fv2%2Fmedia&parent=6259"}],"wp:term":[{"taxonomy":"category","embeddable":true,"href":"https:\/\/www.ecuadoraldia.com.ec\/index.php?rest_route=%2Fwp%2Fv2%2Fcategories&post=6259"},{"taxonomy":"post_tag","embeddable":true,"href":"https:\/\/www.ecuadoraldia.com.ec\/index.php?rest_route=%2Fwp%2Fv2%2Ftags&post=6259"}],"curies":[{"name":"wp","href":"https:\/\/api.w.org\/{rel}","templated":true}]}}