{"id":6262,"date":"2014-12-01T23:38:08","date_gmt":"2014-12-01T23:38:08","guid":{"rendered":"http:\/\/www.ecuadoraldia.com.ec\/?p=6262"},"modified":"2014-12-01T23:38:08","modified_gmt":"2014-12-01T23:38:08","slug":"asamblea-inicio-el-debate-sobre-las-enmiendas-constitucionales","status":"publish","type":"post","link":"https:\/\/www.ecuadoraldia.com.ec\/?p=6262","title":{"rendered":"Asamblea inici\u00f3 el debate sobre las enmiendas constitucionales"},"content":{"rendered":"<p style=\"text-align: justify;\"><a href=\"http:\/\/www.ecuadoraldia.com.ec\/wp-content\/uploads\/2014\/12\/asamblea-enmiendas.jpg\"><img loading=\"lazy\" decoding=\"async\" class=\"alignleft size-full wp-image-6263\" src=\"http:\/\/www.ecuadoraldia.com.ec\/wp-content\/uploads\/2014\/12\/asamblea-enmiendas.jpg\" alt=\"asamblea enmiendas\" width=\"270\" height=\"183\" \/><\/a>El pleno de la Asamblea Nacional arranc\u00f3 esta tarde el primer debate de las 16 enmiendas constitucionales. El debate se extender\u00e1 hasta ma\u00f1ana. Los legisladores analizan el informe de mayor\u00eda, que fue elaborado por la comisi\u00f3n ocasional especializada, presidida por Juan Carlos Cassinelli, que fue creada el 11 de noviembre de 2014.<\/p>\n<p style=\"text-align: justify;\">La mesa legislativa aprob\u00f3 el viernes pasado un informe de mayor\u00eda, donde justifican la necesidad de las enmiendas.<\/p>\n<p style=\"text-align: justify;\">Sin embargo, los legisladores Patricio Donoso (CREO) y Luis Fernando Torres (PSC) realizaron un informe de minor\u00eda, que tambi\u00e9n se someter\u00e1 a debate en el pleno. Donoso y Torres se encuentran en contra de postulados como la reelecci\u00f3n indefinida de autoridades de elecci\u00f3n popular. Dijeron que se opondr\u00e1n esta tarde a que se analice enmienda por enmienda.<\/p>\n<p style=\"text-align: justify;\">En cambio, legisladores de PAIS como Gabriel Rivera, integrante de la comisi\u00f3n, defienden la reelecci\u00f3n indefinida de autoridades. Sostiene que la enmienda lo \u00fanico que hace es facultar, pero ser\u00e1 el pueblo en las urnas el que avale la gesti\u00f3n y brinde el voto de confianza a los candidatos.<\/p>\n<p style=\"text-align: justify;\">El art\u00edculo 441 de la Constituci\u00f3n estipula que el proyecto se tramitar\u00e1 en 2 debates. El segundo debate se realizar\u00e1 de modo impostergable en los 30 d\u00edas siguientes al a\u00f1o de realizado el primero. La reforma solo se aprobar\u00e1 si obtiene el respaldo de las 2 terceras partes de los miembros de la Asamblea Nacional, seg\u00fan la norma.<\/p>\n<p style=\"text-align: justify;\">Bucaram renuncia a su cargo<\/p>\n<p style=\"text-align: justify;\">El legislador nacional Abdal\u00e1 Bucaram Pulley, del desaparecido Partido Roldosista Ecuatoriano (PRE) anunci\u00f3 esta tarde que renuncia a su cargo en la Asamblea Nacional.<\/p>\n<p style=\"text-align: justify;\">Durante la sesi\u00f3n 302 del Pleno que se instal\u00f3 desde las 15:30 para conocer el informe de la Comisi\u00f3n Ocasional sobre las enmiendas constitucionales, Bucaram dijo que no puede ser parte de una Asamblea \u201ccorrupta\u201d.<\/p>\n<p style=\"text-align: justify;\">Argument\u00f3 que que no puede aferrarse a una posici\u00f3n de poder o un salario sencillamente por poder \u201cSoy un hombre \u00edntegro y no puedo ser parte de una Asamblea corrupta que aprueba leyes que perjudican a nuestro pueblo\u201d Insisti\u00f3 que no puede \u00ablegitimar con mis votos acciones macabras de aquellos que utilizan la Asamblea como un burdel donde se prostituyen sus m\u00e1s perversas acciones contra los trabajadores y pueblo en general\u201d<\/p>\n<p style=\"text-align: justify;\">La reuncia se presenta, mientras se rumora la confirmaci\u00f3n de candidatos que disputan la presidencia de Barcelona Sporting Club (BSC): Dalo Bucaram, el exministro del Deporte, Jose Francisco Cevallos y el actual presidente Luis Noboa. (Tel\u00e9grafo)<\/p>\n","protected":false},"excerpt":{"rendered":"<p>El pleno de la Asamblea Nacional arranc\u00f3 esta tarde el primer debate de las 16 enmiendas constitucionales. El debate se<\/p>\n","protected":false},"author":1,"featured_media":0,"comment_status":"open","ping_status":"open","sticky":false,"template":"","format":"standard","meta":{"footnotes":""},"categories":[1],"tags":[],"_links":{"self":[{"href":"https:\/\/www.ecuadoraldia.com.ec\/index.php?rest_route=\/wp\/v2\/posts\/6262"}],"collection":[{"href":"https:\/\/www.ecuadoraldia.com.ec\/index.php?rest_route=\/wp\/v2\/posts"}],"about":[{"href":"https:\/\/www.ecuadoraldia.com.ec\/index.php?rest_route=\/wp\/v2\/types\/post"}],"author":[{"embeddable":true,"href":"https:\/\/www.ecuadoraldia.com.ec\/index.php?rest_route=\/wp\/v2\/users\/1"}],"replies":[{"embeddable":true,"href":"https:\/\/www.ecuadoraldia.com.ec\/index.php?rest_route=%2Fwp%2Fv2%2Fcomments&post=6262"}],"version-history":[{"count":2,"href":"https:\/\/www.ecuadoraldia.com.ec\/index.php?rest_route=\/wp\/v2\/posts\/6262\/revisions"}],"predecessor-version":[{"id":6265,"href":"https:\/\/www.ecuadoraldia.com.ec\/index.php?rest_route=\/wp\/v2\/posts\/6262\/revisions\/6265"}],"wp:attachment":[{"href":"https:\/\/www.ecuadoraldia.com.ec\/index.php?rest_route=%2Fwp%2Fv2%2Fmedia&parent=6262"}],"wp:term":[{"taxonomy":"category","embeddable":true,"href":"https:\/\/www.ecuadoraldia.com.ec\/index.php?rest_route=%2Fwp%2Fv2%2Fcategories&post=6262"},{"taxonomy":"post_tag","embeddable":true,"href":"https:\/\/www.ecuadoraldia.com.ec\/index.php?rest_route=%2Fwp%2Fv2%2Ftags&post=6262"}],"curies":[{"name":"wp","href":"https:\/\/api.w.org\/{rel}","templated":true}]}}