{"id":6266,"date":"2014-12-02T17:40:53","date_gmt":"2014-12-02T17:40:53","guid":{"rendered":"http:\/\/www.ecuadoraldia.com.ec\/?p=6266"},"modified":"2014-12-02T17:40:53","modified_gmt":"2014-12-02T17:40:53","slug":"cepal-economia-de-ecuador-crecera-4-en-2014-y-38-en-2015","status":"publish","type":"post","link":"https:\/\/www.ecuadoraldia.com.ec\/?p=6266","title":{"rendered":"Cepal: Econom\u00eda de Ecuador crecer\u00e1 4% en 2014 y 3,8% en 2015"},"content":{"rendered":"<p><a href=\"http:\/\/www.ecuadoraldia.com.ec\/wp-content\/uploads\/2014\/12\/cepal-eu-al-eu.jpg\"><img loading=\"lazy\" decoding=\"async\" class=\"alignleft size-medium wp-image-6267\" src=\"http:\/\/www.ecuadoraldia.com.ec\/wp-content\/uploads\/2014\/12\/cepal-eu-al-eu-300x172.jpg\" alt=\"cepal-eu-al-eu\" width=\"300\" height=\"172\" srcset=\"https:\/\/www.ecuadoraldia.com.ec\/wp-content\/uploads\/2014\/12\/cepal-eu-al-eu-300x172.jpg 300w, https:\/\/www.ecuadoraldia.com.ec\/wp-content\/uploads\/2014\/12\/cepal-eu-al-eu.jpg 500w\" sizes=\"(max-width: 300px) 100vw, 300px\" \/><\/a>Las econom\u00edas de Am\u00e9rica Latina crecer\u00e1n un 1,1% en 2014, lo m\u00e1s bajo en cinco a\u00f1os, por una ca\u00edda en la inversi\u00f3n, mientras que para 2015 se espera un ligero repunte (2,2%), inform\u00f3 este martes la Cepal.<\/p>\n<p>En su balance preliminar de las econom\u00edas de Am\u00e9rica Latina y el Caribe 2014, el organismo de Naciones Unidas destaca que el crecimiento promedio de la regi\u00f3n este a\u00f1o es el m\u00e1s bajo desde 2009 y que la mejor\u00eda en 2015 se dar\u00e1 en el contexto de \u00abuna lenta y heterog\u00e9nea recuperaci\u00f3n de la econom\u00eda mundial\u00bb.<\/p>\n<p>El bajo crecimiento regional de 2014 obedece principalmente a una ca\u00edda en las inversiones y al escaso dinamismo o contracci\u00f3n de algunas de las mayores econom\u00edas de la regi\u00f3n, como Argentina (-0,2%), Brasil (0,2%), M\u00e9xico (2,1%) y Venezuela (3%).<\/p>\n<p>Los pa\u00edses que liderar\u00e1n la expansi\u00f3n regional el pr\u00f3ximo a\u00f1o ser\u00e1n Panam\u00e1, con un alza del PIB del 7%, Bolivia (5,5%) y Per\u00fa y Rep\u00fablica Dominicana, con 5%.<\/p>\n<p>En el caso de Ecuador, la Cepal estima que su econom\u00eda crecer\u00e1 este a\u00f1o 4% y proyecta que en 2015 llegar\u00e1 al 3,8%.<\/p>\n","protected":false},"excerpt":{"rendered":"<p>Las econom\u00edas de Am\u00e9rica Latina crecer\u00e1n un 1,1% en 2014, lo m\u00e1s bajo en cinco a\u00f1os, por una ca\u00edda en<\/p>\n","protected":false},"author":1,"featured_media":0,"comment_status":"open","ping_status":"open","sticky":false,"template":"","format":"standard","meta":{"footnotes":""},"categories":[1],"tags":[],"_links":{"self":[{"href":"https:\/\/www.ecuadoraldia.com.ec\/index.php?rest_route=\/wp\/v2\/posts\/6266"}],"collection":[{"href":"https:\/\/www.ecuadoraldia.com.ec\/index.php?rest_route=\/wp\/v2\/posts"}],"about":[{"href":"https:\/\/www.ecuadoraldia.com.ec\/index.php?rest_route=\/wp\/v2\/types\/post"}],"author":[{"embeddable":true,"href":"https:\/\/www.ecuadoraldia.com.ec\/index.php?rest_route=\/wp\/v2\/users\/1"}],"replies":[{"embeddable":true,"href":"https:\/\/www.ecuadoraldia.com.ec\/index.php?rest_route=%2Fwp%2Fv2%2Fcomments&post=6266"}],"version-history":[{"count":1,"href":"https:\/\/www.ecuadoraldia.com.ec\/index.php?rest_route=\/wp\/v2\/posts\/6266\/revisions"}],"predecessor-version":[{"id":6268,"href":"https:\/\/www.ecuadoraldia.com.ec\/index.php?rest_route=\/wp\/v2\/posts\/6266\/revisions\/6268"}],"wp:attachment":[{"href":"https:\/\/www.ecuadoraldia.com.ec\/index.php?rest_route=%2Fwp%2Fv2%2Fmedia&parent=6266"}],"wp:term":[{"taxonomy":"category","embeddable":true,"href":"https:\/\/www.ecuadoraldia.com.ec\/index.php?rest_route=%2Fwp%2Fv2%2Fcategories&post=6266"},{"taxonomy":"post_tag","embeddable":true,"href":"https:\/\/www.ecuadoraldia.com.ec\/index.php?rest_route=%2Fwp%2Fv2%2Ftags&post=6266"}],"curies":[{"name":"wp","href":"https:\/\/api.w.org\/{rel}","templated":true}]}}