{"id":6272,"date":"2014-12-02T17:43:34","date_gmt":"2014-12-02T17:43:34","guid":{"rendered":"http:\/\/www.ecuadoraldia.com.ec\/?p=6272"},"modified":"2014-12-02T17:43:34","modified_gmt":"2014-12-02T17:43:34","slug":"gobierno-da-ultimatum-a-propietarios-de-2-500-pistas","status":"publish","type":"post","link":"https:\/\/www.ecuadoraldia.com.ec\/?p=6272","title":{"rendered":"Gobierno da ultim\u00e1tum a propietarios de 2.500 pistas"},"content":{"rendered":"<p><a href=\"http:\/\/www.ecuadoraldia.com.ec\/wp-content\/uploads\/2014\/12\/jose-serrano.jpg\"><img loading=\"lazy\" decoding=\"async\" class=\"alignleft size-medium wp-image-6273\" src=\"http:\/\/www.ecuadoraldia.com.ec\/wp-content\/uploads\/2014\/12\/jose-serrano-300x292.jpg\" alt=\"jose-serrano\" width=\"300\" height=\"292\" srcset=\"https:\/\/www.ecuadoraldia.com.ec\/wp-content\/uploads\/2014\/12\/jose-serrano-300x292.jpg 300w, https:\/\/www.ecuadoraldia.com.ec\/wp-content\/uploads\/2014\/12\/jose-serrano.jpg 1000w\" sizes=\"(max-width: 300px) 100vw, 300px\" \/><\/a>Luego de que una narcoavioneta aterrizara en la hacienda La Clementina, el Gobierno dio un ultim\u00e1tum a los propietarios de 2.500 pistas, registradas por la Fuerza A\u00e9rea Ecuatoriana (FAE), para que, en un plazo \u201cperentorio\u201d, se regularicen y cuenten con sistemas de control a\u00e9reo.<\/p>\n<p>El ministro del Interior, Jos\u00e9 Serrano, advirti\u00f3 que, si esta disposici\u00f3n se incumple, se iniciar\u00e1n las coordinaciones con las FF. AA. y la Polic\u00eda para destruirlas.<\/p>\n<p>De acuerdo con la informaci\u00f3n oficial, siete pistas ubicadas dentro de haciendas fueron utilizadas en 2013 para el cometimiento de presuntas actividades il\u00edcitas. En junio de 2012 tambi\u00e9n se registr\u00f3 un caso en San Pablo (Santa Elena), cuando se incaut\u00f3 una avioneta.<\/p>\n<p>\u2018Duro amanecer\u2019<\/p>\n<p>El anuncio de Serrano se hizo en momentos en que se dieron a conocer los resultados de los operativos \u2018Duro Amanecer\u2019 y \u2018Cosmos\u2019, ejecutados en Los R\u00edos. En estas acciones se incautaron dos avionetas y una tonelada y 155 kilos de droga que pretend\u00eda ser trasladada a M\u00e9xico.<\/p>\n<p>El primero de estos operativos tuvo lugar el domingo en la hacienda La Clementina, donde se detuvo a 11 sujetos (7 ecuatorianos, dos colombianos y dos mexicanos). Uno de los detenidos ser\u00eda un polic\u00eda que estaba en servicio activo.<\/p>\n<p>La Polic\u00eda tambi\u00e9n busca a una persona que se fug\u00f3, supuestamente cooptada por el grupo delictivo. Se tratar\u00eda de un trabajador que laboraba en la hacienda desde 2005.<\/p>\n<p>Serrano descart\u00f3 que los veh\u00edculos decomisados durante el operativo tengan vinculaci\u00f3n con la cooperativa que est\u00e1 al frente de la hacienda, que el Gobierno entreg\u00f3 a los trabajadores en fideicomiso en noviembre de 2013.<\/p>\n<p>En el operativo \u2018Cosmos\u2019, asimismo, se detuvo a 17 personas, una de ellas mexicana. El caso tambi\u00e9n involucr\u00f3 a avioneta que pretendi\u00f3 aterrizar en la pista de la hacienda La Virgen, en Mocache (Los R\u00edos), para trasladar 664 kilos de sustancias il\u00edcitas.<\/p>\n<p>Las autoridades tambi\u00e9n investigan un presunto intento de utilizar el aeropuerto de Guayaquil. En lo que va de este a\u00f1o, la Polic\u00eda Antinarc\u00f3ticos ha incautado 53,91 toneladas de droga. En 2013 se decomisaron 54,26 toneladas de droga y se desarticularon 30 presuntas bandas de narcotraficantes.<\/p>\n","protected":false},"excerpt":{"rendered":"<p>Luego de que una narcoavioneta aterrizara en la hacienda La Clementina, el Gobierno dio un ultim\u00e1tum a los propietarios de<\/p>\n","protected":false},"author":1,"featured_media":0,"comment_status":"open","ping_status":"open","sticky":false,"template":"","format":"standard","meta":{"footnotes":""},"categories":[1],"tags":[],"_links":{"self":[{"href":"https:\/\/www.ecuadoraldia.com.ec\/index.php?rest_route=\/wp\/v2\/posts\/6272"}],"collection":[{"href":"https:\/\/www.ecuadoraldia.com.ec\/index.php?rest_route=\/wp\/v2\/posts"}],"about":[{"href":"https:\/\/www.ecuadoraldia.com.ec\/index.php?rest_route=\/wp\/v2\/types\/post"}],"author":[{"embeddable":true,"href":"https:\/\/www.ecuadoraldia.com.ec\/index.php?rest_route=\/wp\/v2\/users\/1"}],"replies":[{"embeddable":true,"href":"https:\/\/www.ecuadoraldia.com.ec\/index.php?rest_route=%2Fwp%2Fv2%2Fcomments&post=6272"}],"version-history":[{"count":1,"href":"https:\/\/www.ecuadoraldia.com.ec\/index.php?rest_route=\/wp\/v2\/posts\/6272\/revisions"}],"predecessor-version":[{"id":6274,"href":"https:\/\/www.ecuadoraldia.com.ec\/index.php?rest_route=\/wp\/v2\/posts\/6272\/revisions\/6274"}],"wp:attachment":[{"href":"https:\/\/www.ecuadoraldia.com.ec\/index.php?rest_route=%2Fwp%2Fv2%2Fmedia&parent=6272"}],"wp:term":[{"taxonomy":"category","embeddable":true,"href":"https:\/\/www.ecuadoraldia.com.ec\/index.php?rest_route=%2Fwp%2Fv2%2Fcategories&post=6272"},{"taxonomy":"post_tag","embeddable":true,"href":"https:\/\/www.ecuadoraldia.com.ec\/index.php?rest_route=%2Fwp%2Fv2%2Ftags&post=6272"}],"curies":[{"name":"wp","href":"https:\/\/api.w.org\/{rel}","templated":true}]}}