{"id":6278,"date":"2014-12-02T22:36:21","date_gmt":"2014-12-02T22:36:21","guid":{"rendered":"http:\/\/www.ecuadoraldia.com.ec\/?p=6278"},"modified":"2014-12-02T22:36:21","modified_gmt":"2014-12-02T22:36:21","slug":"cepal-economia-de-ecuador-crecera-4-en-2014-y-38-en-2015-2","status":"publish","type":"post","link":"https:\/\/www.ecuadoraldia.com.ec\/?p=6278","title":{"rendered":"Cepal: Econom\u00eda de Ecuador crecer\u00e1 4% en 2014 y 3,8% en 2015"},"content":{"rendered":"<p style=\"text-align: justify;\"><a href=\"http:\/\/www.ecuadoraldia.com.ec\/wp-content\/uploads\/2014\/12\/cepal.jpg\"><img loading=\"lazy\" decoding=\"async\" class=\"alignleft size-medium wp-image-6279\" src=\"http:\/\/www.ecuadoraldia.com.ec\/wp-content\/uploads\/2014\/12\/cepal-300x174.jpg\" alt=\"cepal\" width=\"300\" height=\"174\" srcset=\"https:\/\/www.ecuadoraldia.com.ec\/wp-content\/uploads\/2014\/12\/cepal-300x174.jpg 300w, https:\/\/www.ecuadoraldia.com.ec\/wp-content\/uploads\/2014\/12\/cepal.jpg 450w\" sizes=\"(max-width: 300px) 100vw, 300px\" \/><\/a>AFP. Las econom\u00edas de Am\u00e9rica Latina crecer\u00e1n un 1,1% en 2014, lo m\u00e1s bajo en cinco a\u00f1os, por una ca\u00edda en la inversi\u00f3n, mientras que para 2015 se espera un ligero repunte (2,2%), inform\u00f3 este martes la Cepal.<\/p>\n<p style=\"text-align: justify;\">En su balance preliminar de las econom\u00edas de Am\u00e9rica Latina y el Caribe 2014, el organismo de Naciones Unidas destaca que el crecimiento promedio de la regi\u00f3n este a\u00f1o es el m\u00e1s bajo desde 2009 y que la mejor\u00eda en 2015 se dar\u00e1 en el contexto de \u00abuna lenta y heterog\u00e9nea recuperaci\u00f3n de la econom\u00eda mundial\u00bb.<\/p>\n<p style=\"text-align: justify;\">El bajo crecimiento regional de 2014 obedece principalmente a una ca\u00edda en las inversiones y al escaso dinamismo o contracci\u00f3n de algunas de las mayores econom\u00edas de la regi\u00f3n, como Argentina (-0,2%), Brasil (0,2%), M\u00e9xico (2,1%) y Venezuela (3%).<\/p>\n<p style=\"text-align: justify;\">Los pa\u00edses que liderar\u00e1n la expansi\u00f3n regional el pr\u00f3ximo a\u00f1o ser\u00e1n Panam\u00e1, con un alza en su producto interno bruto (PIB) de 7,0%, Bolivia (5,5%), Per\u00fa, Rep\u00fablica Dominicana y Nicaragua (5,0%).<\/p>\n<p style=\"text-align: justify;\">En el caso de Ecuador, la Cepal estima que su econom\u00eda crecer\u00e1 este a\u00f1o 4% y proyecta que en 2015 llegar\u00e1 al 3,8%.<\/p>\n<p style=\"text-align: justify;\">\u00abDinamizar el crecimiento econ\u00f3mico y revertir la desaceleraci\u00f3n en el actual contexto de la econom\u00eda mundial implica amplios desaf\u00edos para la regi\u00f3n\u00bb, se\u00f1al\u00f3 la secretaria ejecutiva de Cepal, Alicia B\u00e1rcena, durante la conferencia de prensa.<\/p>\n<p style=\"text-align: justify;\">A\u00f1adi\u00f3 que entre ellos se requiere reactivar la demanda interna privilegiando la din\u00e1mica de la inversi\u00f3n. \u00abEsto impactar\u00eda positivamente en la productividad y competitividad de las econom\u00edas\u00bb, dijo.<\/p>\n<p style=\"text-align: justify;\">Para ello, el organismo propone la necesidad de expandir la arquitectura macroecon\u00f3mica contrac\u00edclica incorporando mecanismos que protejan el financiamiento de la inversi\u00f3n, en particular de infraestructura, a trav\u00e9s de las distintas fases del ciclo.<\/p>\n<p style=\"text-align: justify;\">Asimismo, la integraci\u00f3n regional debe jugar un rol protag\u00f3nico en aumentar la demanda agregada regional, apoyar los avances en la productividad a trav\u00e9s de la inclusi\u00f3n de las empresas de los pa\u00edses en cadenas de valor regionales, y fortalecer la capacidad de la regi\u00f3n para enfrentar choques externos a trav\u00e9s de la integraci\u00f3n financiera.<\/p>\n","protected":false},"excerpt":{"rendered":"<p>AFP. Las econom\u00edas de Am\u00e9rica Latina crecer\u00e1n un 1,1% en 2014, lo m\u00e1s bajo en cinco a\u00f1os, por una ca\u00edda<\/p>\n","protected":false},"author":1,"featured_media":0,"comment_status":"open","ping_status":"open","sticky":false,"template":"","format":"standard","meta":{"footnotes":""},"categories":[1],"tags":[],"_links":{"self":[{"href":"https:\/\/www.ecuadoraldia.com.ec\/index.php?rest_route=\/wp\/v2\/posts\/6278"}],"collection":[{"href":"https:\/\/www.ecuadoraldia.com.ec\/index.php?rest_route=\/wp\/v2\/posts"}],"about":[{"href":"https:\/\/www.ecuadoraldia.com.ec\/index.php?rest_route=\/wp\/v2\/types\/post"}],"author":[{"embeddable":true,"href":"https:\/\/www.ecuadoraldia.com.ec\/index.php?rest_route=\/wp\/v2\/users\/1"}],"replies":[{"embeddable":true,"href":"https:\/\/www.ecuadoraldia.com.ec\/index.php?rest_route=%2Fwp%2Fv2%2Fcomments&post=6278"}],"version-history":[{"count":1,"href":"https:\/\/www.ecuadoraldia.com.ec\/index.php?rest_route=\/wp\/v2\/posts\/6278\/revisions"}],"predecessor-version":[{"id":6280,"href":"https:\/\/www.ecuadoraldia.com.ec\/index.php?rest_route=\/wp\/v2\/posts\/6278\/revisions\/6280"}],"wp:attachment":[{"href":"https:\/\/www.ecuadoraldia.com.ec\/index.php?rest_route=%2Fwp%2Fv2%2Fmedia&parent=6278"}],"wp:term":[{"taxonomy":"category","embeddable":true,"href":"https:\/\/www.ecuadoraldia.com.ec\/index.php?rest_route=%2Fwp%2Fv2%2Fcategories&post=6278"},{"taxonomy":"post_tag","embeddable":true,"href":"https:\/\/www.ecuadoraldia.com.ec\/index.php?rest_route=%2Fwp%2Fv2%2Ftags&post=6278"}],"curies":[{"name":"wp","href":"https:\/\/api.w.org\/{rel}","templated":true}]}}