{"id":6281,"date":"2014-12-02T22:46:08","date_gmt":"2014-12-02T22:46:08","guid":{"rendered":"http:\/\/www.ecuadoraldia.com.ec\/?p=6281"},"modified":"2014-12-02T22:46:08","modified_gmt":"2014-12-02T22:46:08","slug":"30-s-se-instalo-audiencia-contra-13-policias-en-caso-radio-patrulla","status":"publish","type":"post","link":"https:\/\/www.ecuadoraldia.com.ec\/?p=6281","title":{"rendered":"30-S: se instal\u00f3 audiencia contra 13 polic\u00edas en caso Radio Patrulla"},"content":{"rendered":"<p style=\"text-align: justify;\"><a href=\"http:\/\/www.ecuadoraldia.com.ec\/wp-content\/uploads\/2014\/12\/30s-radio-patrulla.jpg\"><img loading=\"lazy\" decoding=\"async\" class=\"alignleft size-medium wp-image-6282\" src=\"http:\/\/www.ecuadoraldia.com.ec\/wp-content\/uploads\/2014\/12\/30s-radio-patrulla-300x199.jpg\" alt=\"30s radio patrulla\" width=\"300\" height=\"199\" srcset=\"https:\/\/www.ecuadoraldia.com.ec\/wp-content\/uploads\/2014\/12\/30s-radio-patrulla-300x199.jpg 300w, https:\/\/www.ecuadoraldia.com.ec\/wp-content\/uploads\/2014\/12\/30s-radio-patrulla.jpg 450w\" sizes=\"(max-width: 300px) 100vw, 300px\" \/><\/a>La ma\u00f1ana de ayer se instal\u00f3 la audiencia de juicio para 13 polic\u00edas por el presunto delito de incitaci\u00f3n a la rebeli\u00f3n.<\/p>\n<p style=\"text-align: justify;\">Tras tomar lista de los procesados, representantes legales y testigos, Luis Fuertes, presidente del Tribunal S\u00e9ptimo de Garant\u00edas Penales, orden\u00f3 a los asistentes salir de la sala, ya que el proceso ser\u00e1 reservado por tratarse de un hecho que puso en peligro la seguridad interna del Estado.<\/p>\n<p style=\"text-align: justify;\">Seg\u00fan los informes de Fiscal\u00eda, durante los disturbios registrados el 30 de septiembre de 2010 (30-S), los uniformados habr\u00edan utilizado de manera inadecuada los equipos de la Central Metropolitana de Atenci\u00f3n Ciudadana (CMAC), incumpliendo los deberes y obligaciones establecidas en la Constituci\u00f3n.<\/p>\n<p style=\"text-align: justify;\">La Fiscal\u00eda concluy\u00f3 que los polic\u00edas que laboraban en la CMAC de Quito enviaron mensajes instigadores a los comandos provinciales de Guayas, Esmeraldas, Azuay y Bol\u00edvar.<\/p>\n<p>La audiencia estaba prevista a realizarse Tribunal de Garant\u00edas Penales de Pichincha. No obstante, se efectu\u00f3 en el segundo piso de la Corte Nacional de Justicia (CNJ), para acoger a alrededor de 200 testigos, entre los que est\u00e1n miembros de la Polic\u00eda Nacional, agentes del Cuerpo de Bomberos y personal de la Superintendencia de Telecomunicaciones. Se estima que la diligencia dure al menos 3 semanas.<\/p>\n<p style=\"text-align: justify;\">La causa se encuentra a cargo del fiscal Gustavo Ben\u00edtez, quien presentar\u00e1 como pruebas las grabaciones en las que los uniformados llamaban a sus compa\u00f1eros a matar al Presidente de la Rep\u00fablica, informes de peritajes megaf\u00f3nicos, as\u00ed como cotejamiento de las voces con los presuntos involucrados.<\/p>\n<p style=\"text-align: justify;\">Los presuntos implicados son Gladys Ch. C., Elsa A. Ch., M\u00f3nica M. B., Juan C. A., Marco S. V., Edison P., Milton H., Kl\u00e9ver M., Jessica V., Jaime G., Patricia S. M., \u00c1ngel R., Jos\u00e9 R., quienes en esa \u00e9poca, cumplieron funciones que van desde secretaria, telefonista, operadores de la cabina, hasta jefes administrativos de la unidad de radio patrulla, entre otros cargos.<\/p>\n<p style=\"text-align: justify;\">Los procesados, al momento, se encuentran con medidas alternativas: prohibici\u00f3n de salida del pa\u00eds y de enajenar bienes, as\u00ed como la obligaci\u00f3n de presentarse ante un juez peri\u00f3dicamente.<\/p>\n<p style=\"text-align: justify;\">Ellos podr\u00edan enfrentar una pena de entre 3 y 9 a\u00f1os de reclusi\u00f3n por el delito tipificado en el art\u00edculo 146 del C\u00f3digo Penal anterior, que se refiere a la incitaci\u00f3n a la rebeli\u00f3n o indisciplina de la Fuerza P\u00fablica. (tel\u00e9grado)<\/p>\n","protected":false},"excerpt":{"rendered":"<p>La ma\u00f1ana de ayer se instal\u00f3 la audiencia de juicio para 13 polic\u00edas por el presunto delito de incitaci\u00f3n a<\/p>\n","protected":false},"author":1,"featured_media":0,"comment_status":"open","ping_status":"open","sticky":false,"template":"","format":"standard","meta":{"footnotes":""},"categories":[5],"tags":[],"_links":{"self":[{"href":"https:\/\/www.ecuadoraldia.com.ec\/index.php?rest_route=\/wp\/v2\/posts\/6281"}],"collection":[{"href":"https:\/\/www.ecuadoraldia.com.ec\/index.php?rest_route=\/wp\/v2\/posts"}],"about":[{"href":"https:\/\/www.ecuadoraldia.com.ec\/index.php?rest_route=\/wp\/v2\/types\/post"}],"author":[{"embeddable":true,"href":"https:\/\/www.ecuadoraldia.com.ec\/index.php?rest_route=\/wp\/v2\/users\/1"}],"replies":[{"embeddable":true,"href":"https:\/\/www.ecuadoraldia.com.ec\/index.php?rest_route=%2Fwp%2Fv2%2Fcomments&post=6281"}],"version-history":[{"count":1,"href":"https:\/\/www.ecuadoraldia.com.ec\/index.php?rest_route=\/wp\/v2\/posts\/6281\/revisions"}],"predecessor-version":[{"id":6283,"href":"https:\/\/www.ecuadoraldia.com.ec\/index.php?rest_route=\/wp\/v2\/posts\/6281\/revisions\/6283"}],"wp:attachment":[{"href":"https:\/\/www.ecuadoraldia.com.ec\/index.php?rest_route=%2Fwp%2Fv2%2Fmedia&parent=6281"}],"wp:term":[{"taxonomy":"category","embeddable":true,"href":"https:\/\/www.ecuadoraldia.com.ec\/index.php?rest_route=%2Fwp%2Fv2%2Fcategories&post=6281"},{"taxonomy":"post_tag","embeddable":true,"href":"https:\/\/www.ecuadoraldia.com.ec\/index.php?rest_route=%2Fwp%2Fv2%2Ftags&post=6281"}],"curies":[{"name":"wp","href":"https:\/\/api.w.org\/{rel}","templated":true}]}}