{"id":6284,"date":"2014-12-02T22:51:40","date_gmt":"2014-12-02T22:51:40","guid":{"rendered":"http:\/\/www.ecuadoraldia.com.ec\/?p=6284"},"modified":"2014-12-02T22:51:40","modified_gmt":"2014-12-02T22:51:40","slug":"santos-sobre-alzate-se-equivoco-y-por-eso-pidio-la-baja-video","status":"publish","type":"post","link":"https:\/\/www.ecuadoraldia.com.ec\/?p=6284","title":{"rendered":"Santos sobre Alzate: \u00abSe equivoc\u00f3 y por eso pidi\u00f3 la baja\u00bb (Video)"},"content":{"rendered":"<p style=\"text-align: justify;\"><a href=\"http:\/\/www.ecuadoraldia.com.ec\/wp-content\/uploads\/2014\/12\/ALZATEBAJA.jpg\"><img loading=\"lazy\" decoding=\"async\" class=\"alignleft size-medium wp-image-6285\" src=\"http:\/\/www.ecuadoraldia.com.ec\/wp-content\/uploads\/2014\/12\/ALZATEBAJA-300x198.jpg\" alt=\"ALZATEBAJA\" width=\"300\" height=\"198\" srcset=\"https:\/\/www.ecuadoraldia.com.ec\/wp-content\/uploads\/2014\/12\/ALZATEBAJA-300x198.jpg 300w, https:\/\/www.ecuadoraldia.com.ec\/wp-content\/uploads\/2014\/12\/ALZATEBAJA.jpg 450w\" sizes=\"(max-width: 300px) 100vw, 300px\" \/><\/a>AFP. El presidente de Colombia, Juan Manuel Santos, descart\u00f3 este martes que el episodio del general retenido y posteriormente liberado por las FARC tenga un grave impacto en el proceso de paz que el gobierno adelanta con esa guerrilla comunista, suspendido desde la captura.<\/p>\n<p style=\"text-align: justify;\">\u00abNo creo que el caso del general haya dejado gravemente herida la mesa de negociaciones\u00bb, afirm\u00f3 el mandatario en una entrevista con RCN la Radio, el mismo d\u00eda en que el gobierno y las Fuerzas Armadas Revolucionarias de Colombia (FARC) se disponen a hacer \u00abuna evaluaci\u00f3n fr\u00eda y objetiva\u00bb del proceso en La Habana, sede de los di\u00e1logos.<\/p>\n<p style=\"text-align: justify;\">Las conversaciones para poner fin a un conflicto armado de 50 a\u00f1os, que transcurren desde hace dos a\u00f1os en Cuba sin un cese del fuego en Colombia, quedaron congeladas por Santos luego de que las FARC tomaran cautivo al brigadier general Rub\u00e9n Alzate, quien el lunes, un d\u00eda despu\u00e9s de su liberaci\u00f3n y al borde de las l\u00e1grimas, pidi\u00f3 p\u00fablicamente el pase a retiro de las fuerzas militares.<\/p>\n<p style=\"text-align: justify;\">\u00ab\u00c9l acudi\u00f3 a pedir la baja por el honor militar, y yo creo que eso es loable y respetable (&#8230;). Por eso se le acept\u00f3 la renuncia y sale con los honores propios de su cargo\u00bb, dijo Santos.<\/p>\n<p style=\"text-align: justify;\">Alzate, un condecorado militar con 33 a\u00f1os de servicio y el oficial de m\u00e1s alto rango ca\u00eddo en poder las FARC, admiti\u00f3 haber violado protocolos de seguridad al movilizarse de civil, desarmado y sin escoltas por una zona del selv\u00e1tico y remoto departamento de Choc\u00f3 (oeste), donde fue capturado por guerrilleros el domingo 16 junto con la abogada Gloria Urrego y al cabo primero Jorge Rodr\u00edguez.<\/p>\n<p style=\"text-align: justify;\">\u00abSe equivoc\u00f3 y por eso pidi\u00f3 la baja\u00bb, se\u00f1al\u00f3 Santos.<\/p>\n<p style=\"text-align: justify;\">El mandatario consider\u00f3 que las pl\u00e1ticas de paz retomar\u00e1n \u00abantes de finalizar el a\u00f1o\u00bb, y confi\u00f3 en un aceleramiento del proceso que permita avanzar hacia el acuerdo final tras haberse logrado consensos parciales en tres de los seis temas en agenda.<\/p>\n<p style=\"text-align: justify;\">\u00abEsto no es ninguna ruptura de nada. Las FARC secuestraron a una civil como es la abogada Gloria Urrego y eso era totalmente inaceptable\u00bb, puntualiz\u00f3 el presidente.<\/p>\n<p style=\"text-align: justify;\">Sin embargo, tras las liberaciones, las FARC llamaron a \u00abredise\u00f1ar las reglas de juego\u00bb para que \u00abning\u00fan suceso b\u00e9lico en los campos de combate\u00bb justifique una nueva interrupci\u00f3n e insistieron en la necesidad de un armisticio parcial, a lo cual se ha opuesto tajantemente Santos.<\/p>\n<p style=\"text-align: justify;\">Hasta ahora, las partes han llegado a acuerdos sobre desarrollo rural, participaci\u00f3n pol\u00edtica y drogas il\u00edcitas.<\/p>\n<p style=\"text-align: justify;\">Est\u00e1 en discusi\u00f3n el punto sobre v\u00edctimas y queda por debatir el del fin del conflicto, que incluye la dejaci\u00f3n de las armas y el procedimiento para refrendar los acuerdos.<\/p>\n<p style=\"text-align: justify;\">Surgidas en 1964 de una insurrecci\u00f3n campesina, las FARC cuentan con unos 8.000 combatientes, desplegados en su mayor\u00eda en zonas rurales, seg\u00fan estimaciones oficiales.<br \/>\nhttps:\/\/www.youtube.com\/watch?v=ZA3TaKImG2I<\/p>\n<p>&nbsp;<\/p>\n","protected":false},"excerpt":{"rendered":"<p>AFP. El presidente de Colombia, Juan Manuel Santos, descart\u00f3 este martes que el episodio del general retenido y posteriormente liberado<\/p>\n","protected":false},"author":1,"featured_media":0,"comment_status":"open","ping_status":"open","sticky":false,"template":"","format":"standard","meta":{"footnotes":""},"categories":[7],"tags":[],"_links":{"self":[{"href":"https:\/\/www.ecuadoraldia.com.ec\/index.php?rest_route=\/wp\/v2\/posts\/6284"}],"collection":[{"href":"https:\/\/www.ecuadoraldia.com.ec\/index.php?rest_route=\/wp\/v2\/posts"}],"about":[{"href":"https:\/\/www.ecuadoraldia.com.ec\/index.php?rest_route=\/wp\/v2\/types\/post"}],"author":[{"embeddable":true,"href":"https:\/\/www.ecuadoraldia.com.ec\/index.php?rest_route=\/wp\/v2\/users\/1"}],"replies":[{"embeddable":true,"href":"https:\/\/www.ecuadoraldia.com.ec\/index.php?rest_route=%2Fwp%2Fv2%2Fcomments&post=6284"}],"version-history":[{"count":1,"href":"https:\/\/www.ecuadoraldia.com.ec\/index.php?rest_route=\/wp\/v2\/posts\/6284\/revisions"}],"predecessor-version":[{"id":6286,"href":"https:\/\/www.ecuadoraldia.com.ec\/index.php?rest_route=\/wp\/v2\/posts\/6284\/revisions\/6286"}],"wp:attachment":[{"href":"https:\/\/www.ecuadoraldia.com.ec\/index.php?rest_route=%2Fwp%2Fv2%2Fmedia&parent=6284"}],"wp:term":[{"taxonomy":"category","embeddable":true,"href":"https:\/\/www.ecuadoraldia.com.ec\/index.php?rest_route=%2Fwp%2Fv2%2Fcategories&post=6284"},{"taxonomy":"post_tag","embeddable":true,"href":"https:\/\/www.ecuadoraldia.com.ec\/index.php?rest_route=%2Fwp%2Fv2%2Ftags&post=6284"}],"curies":[{"name":"wp","href":"https:\/\/api.w.org\/{rel}","templated":true}]}}