{"id":6287,"date":"2014-12-03T00:56:33","date_gmt":"2014-12-03T00:56:33","guid":{"rendered":"http:\/\/www.ecuadoraldia.com.ec\/?p=6287"},"modified":"2014-12-03T00:56:33","modified_gmt":"2014-12-03T00:56:33","slug":"la-seleccion-ecuatoriana-de-futbol-femenino-clasifica-por-primera-vez-a-un-mundial","status":"publish","type":"post","link":"https:\/\/www.ecuadoraldia.com.ec\/?p=6287","title":{"rendered":"La selecci\u00f3n ecuatoriana de f\u00fatbol femenino clasifica por primera vez a un Mundial"},"content":{"rendered":"<figure id=\"attachment_6288\" aria-describedby=\"caption-attachment-6288\" style=\"width: 300px\" class=\"wp-caption alignleft\"><a href=\"http:\/\/www.ecuadoraldia.com.ec\/wp-content\/uploads\/2014\/12\/trifem.jpg\"><img loading=\"lazy\" decoding=\"async\" class=\"size-medium wp-image-6288\" src=\"http:\/\/www.ecuadoraldia.com.ec\/wp-content\/uploads\/2014\/12\/trifem-300x200.jpg\" alt=\"La selecci\u00f3n ecuatoriana de f\u00fatbol femenino hizo historia este martes al clasificar por primera vez a una Copa del Mundo de la categor\u00eda, que se llevar\u00e1 a cabo el pr\u00f3ximo a\u00f1o en Canad\u00e1.\" width=\"300\" height=\"200\" srcset=\"https:\/\/www.ecuadoraldia.com.ec\/wp-content\/uploads\/2014\/12\/trifem-300x200.jpg 300w, https:\/\/www.ecuadoraldia.com.ec\/wp-content\/uploads\/2014\/12\/trifem.jpg 580w\" sizes=\"(max-width: 300px) 100vw, 300px\" \/><\/a><figcaption id=\"caption-attachment-6288\" class=\"wp-caption-text\">La selecci\u00f3n ecuatoriana de f\u00fatbol femenino hizo historia este martes al clasificar por primera vez a una Copa del Mundo de la categor\u00eda, que se llevar\u00e1 a cabo el pr\u00f3ximo a\u00f1o en Canad\u00e1.<\/figcaption><\/figure>\n<p>Quito, 02 dic (Andes).- La selecci\u00f3n ecuatoriana de f\u00fatbol femenino hizo historia este martes al clasificar por primera vez a una Copa del Mundo de la categor\u00eda, que se llevar\u00e1 a cabo el pr\u00f3ximo a\u00f1o en Canad\u00e1.<\/p>\n<p>Con un tanto en los minutos finales, el combinado dirigido por la ecuatoriana Vanessa Arauz venci\u00f3 1-0 en el marcador global a Trinidad y Tobago para conseguir el \u00faltimo cupo del Campeonato Mundial Canad\u00e1 2015.<\/p>\n<p>El tanto ecuatoriano, obra de M\u00f3nica Quinteros, lleg\u00f3 en el minuto 91 del compromiso jugado en el estadio Hasely Crawford en la capital de Trinidad, Puerto Espa\u00f1a.<\/p>\n<p>En los primeros instantes, las acciones fueron de total dominio de la locales, quienes a trav\u00e9s de Kennya Cordner provoc\u00f3 m\u00e1s de un susto en la porter\u00eda defendida por la tricolor Shirley Berruz, quien respondi\u00f3 de gran manera.<\/p>\n<p>El orden defensivo y la actitud ganadora mostrada por las dirigidas por Arauz, fueron un factor preponderante para mantener el cero en su arco.<\/p>\n<p>De esta manera, Ecuador se une a Brasil, Argentina y Colombia como las \u00fanicas selecciones sudamericanas que han disputado una Copa del Mundo.<\/p>\n","protected":false},"excerpt":{"rendered":"<p>Quito, 02 dic (Andes).- La selecci\u00f3n ecuatoriana de f\u00fatbol femenino hizo historia este martes al clasificar por primera vez a<\/p>\n","protected":false},"author":1,"featured_media":0,"comment_status":"open","ping_status":"open","sticky":false,"template":"","format":"standard","meta":{"footnotes":""},"categories":[1],"tags":[],"_links":{"self":[{"href":"https:\/\/www.ecuadoraldia.com.ec\/index.php?rest_route=\/wp\/v2\/posts\/6287"}],"collection":[{"href":"https:\/\/www.ecuadoraldia.com.ec\/index.php?rest_route=\/wp\/v2\/posts"}],"about":[{"href":"https:\/\/www.ecuadoraldia.com.ec\/index.php?rest_route=\/wp\/v2\/types\/post"}],"author":[{"embeddable":true,"href":"https:\/\/www.ecuadoraldia.com.ec\/index.php?rest_route=\/wp\/v2\/users\/1"}],"replies":[{"embeddable":true,"href":"https:\/\/www.ecuadoraldia.com.ec\/index.php?rest_route=%2Fwp%2Fv2%2Fcomments&post=6287"}],"version-history":[{"count":1,"href":"https:\/\/www.ecuadoraldia.com.ec\/index.php?rest_route=\/wp\/v2\/posts\/6287\/revisions"}],"predecessor-version":[{"id":6289,"href":"https:\/\/www.ecuadoraldia.com.ec\/index.php?rest_route=\/wp\/v2\/posts\/6287\/revisions\/6289"}],"wp:attachment":[{"href":"https:\/\/www.ecuadoraldia.com.ec\/index.php?rest_route=%2Fwp%2Fv2%2Fmedia&parent=6287"}],"wp:term":[{"taxonomy":"category","embeddable":true,"href":"https:\/\/www.ecuadoraldia.com.ec\/index.php?rest_route=%2Fwp%2Fv2%2Fcategories&post=6287"},{"taxonomy":"post_tag","embeddable":true,"href":"https:\/\/www.ecuadoraldia.com.ec\/index.php?rest_route=%2Fwp%2Fv2%2Ftags&post=6287"}],"curies":[{"name":"wp","href":"https:\/\/api.w.org\/{rel}","templated":true}]}}