{"id":6291,"date":"2014-12-03T01:03:51","date_gmt":"2014-12-03T01:03:51","guid":{"rendered":"http:\/\/www.ecuadoraldia.com.ec\/?p=6291"},"modified":"2014-12-03T01:03:51","modified_gmt":"2014-12-03T01:03:51","slug":"ministerio-del-trabajo-nuevo-nombre-para-cartera-de-estado-en-ecuador","status":"publish","type":"post","link":"https:\/\/www.ecuadoraldia.com.ec\/?p=6291","title":{"rendered":"Ministerio del Trabajo, nuevo nombre para cartera de Estado en Ecuador"},"content":{"rendered":"<figure id=\"attachment_6292\" aria-describedby=\"caption-attachment-6292\" style=\"width: 300px\" class=\"wp-caption alignleft\"><a href=\"http:\/\/www.ecuadoraldia.com.ec\/wp-content\/uploads\/2014\/12\/mintrabajologo.png\"><img loading=\"lazy\" decoding=\"async\" class=\"size-medium wp-image-6292\" src=\"http:\/\/www.ecuadoraldia.com.ec\/wp-content\/uploads\/2014\/12\/mintrabajologo-300x153.png\" alt=\"Logotipo del Ministerio del Trabajo que reemplaza al del Ministerio de Relaciones Laborales. Foto: Twitter oficial\" width=\"300\" height=\"153\" srcset=\"https:\/\/www.ecuadoraldia.com.ec\/wp-content\/uploads\/2014\/12\/mintrabajologo-300x153.png 300w, https:\/\/www.ecuadoraldia.com.ec\/wp-content\/uploads\/2014\/12\/mintrabajologo.png 580w\" sizes=\"(max-width: 300px) 100vw, 300px\" \/><\/a><figcaption id=\"caption-attachment-6292\" class=\"wp-caption-text\">Logotipo del Ministerio del Trabajo que reemplaza al del Ministerio de Relaciones Laborales. Foto: Twitter oficial<\/figcaption><\/figure>\n<p>Quito, 2 dic (Andes).- El Ministerio de Relaciones Laborales se llamar\u00e1 en adelante Ministerio del Trabajo, seg\u00fan inform\u00f3 este martes esa cartera de Estado, una decisi\u00f3n que busca resaltar \u00abla importancia del trabajo del ser humano sobre el capital\u00bb e incluir todo tipo de actividad bajo un concepto amplio.<\/p>\n<p>El cambio de nombre fue adoptado mediante decreto ejecutivo firmado el 26 de noviembre por el presidente Rafael Correa, que modific\u00f3 la denominaci\u00f3n adoptada en agosto de 2009.<\/p>\n<p>El nuevo Ministerio del Trabajo argument\u00f3 en un comunicado que la categor\u00eda \u00abtrabajo\u00bb involucra a todas las actividades humanas, productivas, sean o no remuneradas. \u00abNo solo las relaciones laborales formales, legales, constituyen &#8216;trabajo&#8217;, sino tambi\u00e9n por ejemplo, aquellas que realizan las madres y padres de familia, las trabajadoras de hogar, los trabajadores aut\u00f3nomos, etc\u00bb, indic\u00f3.<\/p>\n<p>\u00abPor estas y otras razones de fondo, bajo un concepto amplio, que involucre a todos los actores, hemos retomado nuestros or\u00edgenes. Ahora somos MINISTERIO DEL TRABAJO\u00bb, a\u00f1adi\u00f3 la nota oficial.<\/p>\n<p>De otro lado, el decreto ejecutivo contempla la necesidad del cambio de nombre \u00abresaltando la importancia del trabajo del ser humano sobre el capital y la rector\u00eda sobre la gesti\u00f3n del talento humano que ejerce dicha Cartera de Estado\u00bb.<\/p>\n","protected":false},"excerpt":{"rendered":"<p>Quito, 2 dic (Andes).- El Ministerio de Relaciones Laborales se llamar\u00e1 en adelante Ministerio del Trabajo, seg\u00fan inform\u00f3 este martes<\/p>\n","protected":false},"author":1,"featured_media":0,"comment_status":"open","ping_status":"open","sticky":false,"template":"","format":"standard","meta":{"footnotes":""},"categories":[3],"tags":[],"_links":{"self":[{"href":"https:\/\/www.ecuadoraldia.com.ec\/index.php?rest_route=\/wp\/v2\/posts\/6291"}],"collection":[{"href":"https:\/\/www.ecuadoraldia.com.ec\/index.php?rest_route=\/wp\/v2\/posts"}],"about":[{"href":"https:\/\/www.ecuadoraldia.com.ec\/index.php?rest_route=\/wp\/v2\/types\/post"}],"author":[{"embeddable":true,"href":"https:\/\/www.ecuadoraldia.com.ec\/index.php?rest_route=\/wp\/v2\/users\/1"}],"replies":[{"embeddable":true,"href":"https:\/\/www.ecuadoraldia.com.ec\/index.php?rest_route=%2Fwp%2Fv2%2Fcomments&post=6291"}],"version-history":[{"count":1,"href":"https:\/\/www.ecuadoraldia.com.ec\/index.php?rest_route=\/wp\/v2\/posts\/6291\/revisions"}],"predecessor-version":[{"id":6293,"href":"https:\/\/www.ecuadoraldia.com.ec\/index.php?rest_route=\/wp\/v2\/posts\/6291\/revisions\/6293"}],"wp:attachment":[{"href":"https:\/\/www.ecuadoraldia.com.ec\/index.php?rest_route=%2Fwp%2Fv2%2Fmedia&parent=6291"}],"wp:term":[{"taxonomy":"category","embeddable":true,"href":"https:\/\/www.ecuadoraldia.com.ec\/index.php?rest_route=%2Fwp%2Fv2%2Fcategories&post=6291"},{"taxonomy":"post_tag","embeddable":true,"href":"https:\/\/www.ecuadoraldia.com.ec\/index.php?rest_route=%2Fwp%2Fv2%2Ftags&post=6291"}],"curies":[{"name":"wp","href":"https:\/\/api.w.org\/{rel}","templated":true}]}}