{"id":6294,"date":"2014-12-03T01:13:01","date_gmt":"2014-12-03T01:13:01","guid":{"rendered":"http:\/\/www.ecuadoraldia.com.ec\/?p=6294"},"modified":"2014-12-03T01:13:01","modified_gmt":"2014-12-03T01:13:01","slug":"ecuador-participa-con-65-atletas-en-los-vigesimos-juegos-escolares-sudamericanos-aracaju-brasil-video","status":"publish","type":"post","link":"https:\/\/www.ecuadoraldia.com.ec\/?p=6294","title":{"rendered":"Ecuador participa con 65 atletas en los vig\u00e9simos Juegos Escolares Sudamericanos Aracaju, Brasil (video)"},"content":{"rendered":"<p style=\"text-align: justify;\"><a href=\"http:\/\/www.ecuadoraldia.com.ec\/wp-content\/uploads\/2014\/12\/juegos_escolares.jpg\"><img loading=\"lazy\" decoding=\"async\" class=\"alignleft size-medium wp-image-6295\" src=\"http:\/\/www.ecuadoraldia.com.ec\/wp-content\/uploads\/2014\/12\/juegos_escolares-300x158.jpg\" alt=\"juegos_escolares\" width=\"300\" height=\"158\" srcset=\"https:\/\/www.ecuadoraldia.com.ec\/wp-content\/uploads\/2014\/12\/juegos_escolares-300x158.jpg 300w, https:\/\/www.ecuadoraldia.com.ec\/wp-content\/uploads\/2014\/12\/juegos_escolares.jpg 795w\" sizes=\"(max-width: 300px) 100vw, 300px\" \/><\/a>Quito,(Andes).- La selecci\u00f3n ecuatoriana participar\u00e1 con 65 atletas, de entre 12 y 14 a\u00f1os, en los vig\u00e9simos Juegos Escolares Sudamericanos, que tendr\u00e1n lugar entre el 4 y el 11 de diciembre en la localidad brasile\u00f1a de Aracaju.<\/p>\n<p style=\"text-align: justify;\">La ministra de Deporte (e), Cecilia Vaca Jones, realiz\u00f3 hoy la entrega de la bandera ecuatoriana a la tenista de mesa, Natalia Paredes, quien en representaci\u00f3n de los 65 seleccionados nacionales agradeci\u00f3 el gesto y comprometi\u00f3 el esfuerzo de todos para dejar en alto el nombre del pa\u00eds.<\/p>\n<p style=\"text-align: justify;\">\u201cEsos valores que se inculcan en el deporte perduran para toda la vida y esa es la raz\u00f3n por la que me permito desearles el mejor de los \u00e9xitos en los Juegos\u201d, mencion\u00f3 la funcionaria de Estado en el abanderamiento desarrollado en la sede del Ministerio en Quito.<\/p>\n<p style=\"text-align: justify;\">La delegaci\u00f3n ecuatoriana est\u00e1 compuesta por 65 atletas.<\/p>\n<p style=\"text-align: justify;\"><iframe loading=\"lazy\" width=\"800\" height=\"450\" src=\"https:\/\/www.youtube.com\/embed\/BhdgzANq35k?feature=oembed\" frameborder=\"0\" allowfullscreen><\/iframe><\/p>\n<p style=\"text-align: justify;\">La delegaci\u00f3n de la mitad del mundo est\u00e1 integrada adem\u00e1s por 24 personas, entre directivos y entrenadores. La tricolor intervendr\u00e1 en ajedrez, atletismo, nataci\u00f3n, deporte adaptado y tenis de mesa.<\/p>\n<p>\u201cMuy contenta porque me he destacado en el deporte y el trabajo que he venido realizando en los entrenamientos ha dado resultados positivos\u201d, mencion\u00f3 Paredes, quien representar\u00e1 al pa\u00eds en tenis de mesa.<\/p>\n<p>Los Juegos Sudamericanos Escolares son el certamen deportivo de nivel escolar m\u00e1s grande que se realiza en Sudam\u00e9rica. Convoca a los estudiantes deportistas de los 10 pa\u00edses integrantes del Consejo Sudamericano de Deporte Escolar: Argentina, Brasil, Bolivia, Chile, Colombia, Ecuador, Per\u00fa, Paraguay, Uruguay, Venezuela.<\/p>\n<p>&nbsp;<\/p>\n","protected":false},"excerpt":{"rendered":"<p>Quito,(Andes).- La selecci\u00f3n ecuatoriana participar\u00e1 con 65 atletas, de entre 12 y 14 a\u00f1os, en los vig\u00e9simos Juegos Escolares Sudamericanos,<\/p>\n","protected":false},"author":1,"featured_media":0,"comment_status":"open","ping_status":"open","sticky":false,"template":"","format":"standard","meta":{"footnotes":""},"categories":[10,1],"tags":[],"_links":{"self":[{"href":"https:\/\/www.ecuadoraldia.com.ec\/index.php?rest_route=\/wp\/v2\/posts\/6294"}],"collection":[{"href":"https:\/\/www.ecuadoraldia.com.ec\/index.php?rest_route=\/wp\/v2\/posts"}],"about":[{"href":"https:\/\/www.ecuadoraldia.com.ec\/index.php?rest_route=\/wp\/v2\/types\/post"}],"author":[{"embeddable":true,"href":"https:\/\/www.ecuadoraldia.com.ec\/index.php?rest_route=\/wp\/v2\/users\/1"}],"replies":[{"embeddable":true,"href":"https:\/\/www.ecuadoraldia.com.ec\/index.php?rest_route=%2Fwp%2Fv2%2Fcomments&post=6294"}],"version-history":[{"count":1,"href":"https:\/\/www.ecuadoraldia.com.ec\/index.php?rest_route=\/wp\/v2\/posts\/6294\/revisions"}],"predecessor-version":[{"id":6296,"href":"https:\/\/www.ecuadoraldia.com.ec\/index.php?rest_route=\/wp\/v2\/posts\/6294\/revisions\/6296"}],"wp:attachment":[{"href":"https:\/\/www.ecuadoraldia.com.ec\/index.php?rest_route=%2Fwp%2Fv2%2Fmedia&parent=6294"}],"wp:term":[{"taxonomy":"category","embeddable":true,"href":"https:\/\/www.ecuadoraldia.com.ec\/index.php?rest_route=%2Fwp%2Fv2%2Fcategories&post=6294"},{"taxonomy":"post_tag","embeddable":true,"href":"https:\/\/www.ecuadoraldia.com.ec\/index.php?rest_route=%2Fwp%2Fv2%2Ftags&post=6294"}],"curies":[{"name":"wp","href":"https:\/\/api.w.org\/{rel}","templated":true}]}}