{"id":6297,"date":"2014-12-03T18:13:06","date_gmt":"2014-12-03T18:13:06","guid":{"rendered":"http:\/\/www.ecuadoraldia.com.ec\/?p=6297"},"modified":"2014-12-03T18:13:06","modified_gmt":"2014-12-03T18:13:06","slug":"pedro-solines-renuncia-al-cargo-de-superintendente-de-bancos","status":"publish","type":"post","link":"https:\/\/www.ecuadoraldia.com.ec\/?p=6297","title":{"rendered":"Pedro Solines renuncia al cargo de Superintendente de Bancos"},"content":{"rendered":"<p><a href=\"http:\/\/www.ecuadoraldia.com.ec\/wp-content\/uploads\/2014\/12\/solines-foto-andes.jpg\"><img loading=\"lazy\" decoding=\"async\" class=\"alignleft size-medium wp-image-6298\" src=\"http:\/\/www.ecuadoraldia.com.ec\/wp-content\/uploads\/2014\/12\/solines-foto-andes-300x205.jpg\" alt=\"solines-foto  andes\" width=\"300\" height=\"205\" srcset=\"https:\/\/www.ecuadoraldia.com.ec\/wp-content\/uploads\/2014\/12\/solines-foto-andes-300x205.jpg 300w, https:\/\/www.ecuadoraldia.com.ec\/wp-content\/uploads\/2014\/12\/solines-foto-andes.jpg 580w\" sizes=\"(max-width: 300px) 100vw, 300px\" \/><\/a>Pedro Solines, actual superintendente de Bancos, se\u00f1al\u00f3 esta ma\u00f1ana que oficializ\u00f3 su renuncia al cargo ante el presidente de la Rep\u00fablica Rafael Correa.<\/p>\n<p>El funcionario se\u00f1al\u00f3 que en los pr\u00f3ximos d\u00edas oficializar\u00e1 su dimisi\u00f3n ante la Asamblea Nacional.<\/p>\n<p>Solines argument\u00f3 que la renuncia responde a motivos estrictamente personales. Se quedar\u00eda en el cargo hasta fines de este mes.<\/p>\n<p>Fue posesionado el 4 de enero de 2011. Anteriormente fue superintendente de Compa\u00f1\u00edas. Solines reemplaz\u00f3 a Gloria Sabando en el cargo.<\/p>\n","protected":false},"excerpt":{"rendered":"<p>Pedro Solines, actual superintendente de Bancos, se\u00f1al\u00f3 esta ma\u00f1ana que oficializ\u00f3 su renuncia al cargo ante el presidente de la<\/p>\n","protected":false},"author":1,"featured_media":0,"comment_status":"open","ping_status":"open","sticky":false,"template":"","format":"standard","meta":{"footnotes":""},"categories":[1],"tags":[],"_links":{"self":[{"href":"https:\/\/www.ecuadoraldia.com.ec\/index.php?rest_route=\/wp\/v2\/posts\/6297"}],"collection":[{"href":"https:\/\/www.ecuadoraldia.com.ec\/index.php?rest_route=\/wp\/v2\/posts"}],"about":[{"href":"https:\/\/www.ecuadoraldia.com.ec\/index.php?rest_route=\/wp\/v2\/types\/post"}],"author":[{"embeddable":true,"href":"https:\/\/www.ecuadoraldia.com.ec\/index.php?rest_route=\/wp\/v2\/users\/1"}],"replies":[{"embeddable":true,"href":"https:\/\/www.ecuadoraldia.com.ec\/index.php?rest_route=%2Fwp%2Fv2%2Fcomments&post=6297"}],"version-history":[{"count":1,"href":"https:\/\/www.ecuadoraldia.com.ec\/index.php?rest_route=\/wp\/v2\/posts\/6297\/revisions"}],"predecessor-version":[{"id":6299,"href":"https:\/\/www.ecuadoraldia.com.ec\/index.php?rest_route=\/wp\/v2\/posts\/6297\/revisions\/6299"}],"wp:attachment":[{"href":"https:\/\/www.ecuadoraldia.com.ec\/index.php?rest_route=%2Fwp%2Fv2%2Fmedia&parent=6297"}],"wp:term":[{"taxonomy":"category","embeddable":true,"href":"https:\/\/www.ecuadoraldia.com.ec\/index.php?rest_route=%2Fwp%2Fv2%2Fcategories&post=6297"},{"taxonomy":"post_tag","embeddable":true,"href":"https:\/\/www.ecuadoraldia.com.ec\/index.php?rest_route=%2Fwp%2Fv2%2Ftags&post=6297"}],"curies":[{"name":"wp","href":"https:\/\/api.w.org\/{rel}","templated":true}]}}