{"id":6300,"date":"2014-12-03T18:14:33","date_gmt":"2014-12-03T18:14:33","guid":{"rendered":"http:\/\/www.ecuadoraldia.com.ec\/?p=6300"},"modified":"2014-12-03T18:14:33","modified_gmt":"2014-12-03T18:14:33","slug":"ecuador-lanza-al-aire-su-primera-senal-de-television-educativa-educa","status":"publish","type":"post","link":"https:\/\/www.ecuadoraldia.com.ec\/?p=6300","title":{"rendered":"Ecuador lanza al aire su primera se\u00f1al de televisi\u00f3n educativa &#8216;EDUCA&#8217;"},"content":{"rendered":"<p><a href=\"http:\/\/www.ecuadoraldia.com.ec\/wp-content\/uploads\/2014\/12\/educa_tv.jpg\"><img loading=\"lazy\" decoding=\"async\" class=\"alignleft size-medium wp-image-6301\" src=\"http:\/\/www.ecuadoraldia.com.ec\/wp-content\/uploads\/2014\/12\/educa_tv-300x207.jpg\" alt=\"educa_tv\" width=\"300\" height=\"207\" srcset=\"https:\/\/www.ecuadoraldia.com.ec\/wp-content\/uploads\/2014\/12\/educa_tv-300x207.jpg 300w, https:\/\/www.ecuadoraldia.com.ec\/wp-content\/uploads\/2014\/12\/educa_tv.jpg 580w\" sizes=\"(max-width: 300px) 100vw, 300px\" \/><\/a>Quito, 2 dic (Andes).- La primera se\u00f1al de televisi\u00f3n educativa de Ecuador, &#8216;EDUCA&#8217;, sali\u00f3 al aire este martes, un prop\u00f3sito nacional para elevar la preparaci\u00f3n de las nuevas generaciones.<\/p>\n<p>El nuevo canal se sintonizar\u00e1 partir de las 9:00 hora local, en las frecuencias 28 UHF en Quito y 43 UHF en Guayaquil, las dos principales ciudades de este pa\u00eds andino.<\/p>\n<p>La parrilla de programaci\u00f3n con que ve la luz este canal cuenta con 630 programas elaborados para las franjas infantil, juvenil y familiar, que han sido utilizados en las aulas escolares con sus respectivas fichas de orientaci\u00f3n metodol\u00f3gica.<\/p>\n<p>\u201cQueridos ni\u00f1os, ni\u00f1as, j\u00f3venes y padres de familia, quiero contarles que tenemos un sue\u00f1o para la educaci\u00f3n: como pa\u00eds queremos que el Ecuador tenga el mejor sistema educativo del mundo\u201d, afirm\u00f3 al inaugurar las transmisiones el ministro de Educaci\u00f3n, Augusto Espinosa.<\/p>\n<p>En Guayaquil, donde se realiz\u00f3 la ceremonia inaugural, M\u00f3nica Maruri, gerente del proyecto &#8216;EDUCA&#8217;, se\u00f1al\u00f3 que siempre se pens\u00f3 que la televisi\u00f3n educativa era aburrida, pero el reto es crear la televisi\u00f3n educativa \u201cdivertida y entretenida\u201d.<\/p>\n<p>Maruri invit\u00f3 a todos a ser parte del canal educativo que tiene como objetivo llegar a todas las provincias para acercarse a las audiencias.<\/p>\n<p>&#8216;EDUCA&#8217; naci\u00f3 con un premio en la categor\u00eda infantil en el Primer Encuentro de Televisi\u00f3n Digital y Participaci\u00f3n Ciudadana\u201d, organizado en septiembre pasado.<\/p>\n","protected":false},"excerpt":{"rendered":"<p>Quito, 2 dic (Andes).- La primera se\u00f1al de televisi\u00f3n educativa de Ecuador, &#8216;EDUCA&#8217;, sali\u00f3 al aire este martes, un prop\u00f3sito<\/p>\n","protected":false},"author":1,"featured_media":0,"comment_status":"open","ping_status":"open","sticky":false,"template":"","format":"standard","meta":{"footnotes":""},"categories":[4],"tags":[],"_links":{"self":[{"href":"https:\/\/www.ecuadoraldia.com.ec\/index.php?rest_route=\/wp\/v2\/posts\/6300"}],"collection":[{"href":"https:\/\/www.ecuadoraldia.com.ec\/index.php?rest_route=\/wp\/v2\/posts"}],"about":[{"href":"https:\/\/www.ecuadoraldia.com.ec\/index.php?rest_route=\/wp\/v2\/types\/post"}],"author":[{"embeddable":true,"href":"https:\/\/www.ecuadoraldia.com.ec\/index.php?rest_route=\/wp\/v2\/users\/1"}],"replies":[{"embeddable":true,"href":"https:\/\/www.ecuadoraldia.com.ec\/index.php?rest_route=%2Fwp%2Fv2%2Fcomments&post=6300"}],"version-history":[{"count":1,"href":"https:\/\/www.ecuadoraldia.com.ec\/index.php?rest_route=\/wp\/v2\/posts\/6300\/revisions"}],"predecessor-version":[{"id":6302,"href":"https:\/\/www.ecuadoraldia.com.ec\/index.php?rest_route=\/wp\/v2\/posts\/6300\/revisions\/6302"}],"wp:attachment":[{"href":"https:\/\/www.ecuadoraldia.com.ec\/index.php?rest_route=%2Fwp%2Fv2%2Fmedia&parent=6300"}],"wp:term":[{"taxonomy":"category","embeddable":true,"href":"https:\/\/www.ecuadoraldia.com.ec\/index.php?rest_route=%2Fwp%2Fv2%2Fcategories&post=6300"},{"taxonomy":"post_tag","embeddable":true,"href":"https:\/\/www.ecuadoraldia.com.ec\/index.php?rest_route=%2Fwp%2Fv2%2Ftags&post=6300"}],"curies":[{"name":"wp","href":"https:\/\/api.w.org\/{rel}","templated":true}]}}