{"id":6303,"date":"2014-12-03T18:15:36","date_gmt":"2014-12-03T18:15:36","guid":{"rendered":"http:\/\/www.ecuadoraldia.com.ec\/?p=6303"},"modified":"2014-12-03T18:15:36","modified_gmt":"2014-12-03T18:15:36","slug":"brasil-cooperara-en-investigacion-sobre-muerte-de-jaime-roldos","status":"publish","type":"post","link":"https:\/\/www.ecuadoraldia.com.ec\/?p=6303","title":{"rendered":"Brasil cooperar\u00e1 en investigaci\u00f3n sobre muerte de Jaime Rold\u00f3s"},"content":{"rendered":"<p><a href=\"http:\/\/www.ecuadoraldia.com.ec\/wp-content\/uploads\/2014\/12\/chiriboga3.jpg\"><img loading=\"lazy\" decoding=\"async\" class=\"alignleft size-medium wp-image-6304\" src=\"http:\/\/www.ecuadoraldia.com.ec\/wp-content\/uploads\/2014\/12\/chiriboga3-300x192.jpg\" alt=\"chiriboga3\" width=\"300\" height=\"192\" srcset=\"https:\/\/www.ecuadoraldia.com.ec\/wp-content\/uploads\/2014\/12\/chiriboga3-300x192.jpg 300w, https:\/\/www.ecuadoraldia.com.ec\/wp-content\/uploads\/2014\/12\/chiriboga3.jpg 373w\" sizes=\"(max-width: 300px) 100vw, 300px\" \/><\/a>La Fiscal\u00eda de Brasil conform\u00f3 un equipo de expertos en investigaci\u00f3n de desastres a\u00e9reos para que revisen todo el material existente sobre el \u00abaccidente de aviaci\u00f3n\u00bb en el que falleci\u00f3 el expresidente de Ecuador, Jaime Rold\u00f3s, el 24 de mayo de 1981.<\/p>\n<p>Se trata de una acci\u00f3n de cooperaci\u00f3n jur\u00eddica internacional con el fiscal general de Ecuador, Galo Chiriboga, inform\u00f3 la embajada ecuatoriana en Brasil.<\/p>\n<p>\u00abEn c\u00edrculos especializados es conocido que en Brasil se encuentran los expertos m\u00e1s calificados del mundo en esta materia\u00bb, subraya el comunicado.<\/p>\n<p>A\u00f1ade que \u00abla nueva investigaci\u00f3n sobre la tragedia se produce por el inter\u00e9s directo del presidente Rafael Correa de que se busque la verdad sobre este acontecimiento que conmovi\u00f3 a la opini\u00f3n p\u00fablica ecuatoriana e internacional\u00bb.<\/p>\n<p>Sobre esta nueva cooperaci\u00f3n se dio a conocer en una ceremonia previa a la exhibici\u00f3n del documental ecuatoriano La muerte de Rold\u00f3s, que fue seleccionado por el jurado calificador como uno de los filmes de ocho pa\u00edses para participar en la secci\u00f3n competitiva de la IX Muestra de Cine y Derechos Humanos en el Hemisferio Sur, que tiene lugar del 3 de noviembre al 20 de diciembre de este a\u00f1o en m\u00e1s de 1.000 salas de cine de 28 ciudades brasile\u00f1as.<\/p>\n","protected":false},"excerpt":{"rendered":"<p>La Fiscal\u00eda de Brasil conform\u00f3 un equipo de expertos en investigaci\u00f3n de desastres a\u00e9reos para que revisen todo el material<\/p>\n","protected":false},"author":1,"featured_media":0,"comment_status":"open","ping_status":"open","sticky":false,"template":"","format":"standard","meta":{"footnotes":""},"categories":[5],"tags":[],"_links":{"self":[{"href":"https:\/\/www.ecuadoraldia.com.ec\/index.php?rest_route=\/wp\/v2\/posts\/6303"}],"collection":[{"href":"https:\/\/www.ecuadoraldia.com.ec\/index.php?rest_route=\/wp\/v2\/posts"}],"about":[{"href":"https:\/\/www.ecuadoraldia.com.ec\/index.php?rest_route=\/wp\/v2\/types\/post"}],"author":[{"embeddable":true,"href":"https:\/\/www.ecuadoraldia.com.ec\/index.php?rest_route=\/wp\/v2\/users\/1"}],"replies":[{"embeddable":true,"href":"https:\/\/www.ecuadoraldia.com.ec\/index.php?rest_route=%2Fwp%2Fv2%2Fcomments&post=6303"}],"version-history":[{"count":1,"href":"https:\/\/www.ecuadoraldia.com.ec\/index.php?rest_route=\/wp\/v2\/posts\/6303\/revisions"}],"predecessor-version":[{"id":6305,"href":"https:\/\/www.ecuadoraldia.com.ec\/index.php?rest_route=\/wp\/v2\/posts\/6303\/revisions\/6305"}],"wp:attachment":[{"href":"https:\/\/www.ecuadoraldia.com.ec\/index.php?rest_route=%2Fwp%2Fv2%2Fmedia&parent=6303"}],"wp:term":[{"taxonomy":"category","embeddable":true,"href":"https:\/\/www.ecuadoraldia.com.ec\/index.php?rest_route=%2Fwp%2Fv2%2Fcategories&post=6303"},{"taxonomy":"post_tag","embeddable":true,"href":"https:\/\/www.ecuadoraldia.com.ec\/index.php?rest_route=%2Fwp%2Fv2%2Ftags&post=6303"}],"curies":[{"name":"wp","href":"https:\/\/api.w.org\/{rel}","templated":true}]}}