{"id":6306,"date":"2014-12-03T18:16:35","date_gmt":"2014-12-03T18:16:35","guid":{"rendered":"http:\/\/www.ecuadoraldia.com.ec\/?p=6306"},"modified":"2014-12-03T18:17:21","modified_gmt":"2014-12-03T18:17:21","slug":"correa-pide-que-municipio-asuma-su-responsabilidad-en-la-construccion-del-metro","status":"publish","type":"post","link":"https:\/\/www.ecuadoraldia.com.ec\/?p=6306","title":{"rendered":"Correa pide que Municipio asuma su responsabilidad en la construcci\u00f3n del Metro"},"content":{"rendered":"<p style=\"text-align: justify;\"><a href=\"http:\/\/www.ecuadoraldia.com.ec\/wp-content\/uploads\/2014\/12\/metro_quito_0.jpg\"><img loading=\"lazy\" decoding=\"async\" class=\"alignleft size-medium wp-image-6307\" src=\"http:\/\/www.ecuadoraldia.com.ec\/wp-content\/uploads\/2014\/12\/metro_quito_0-300x181.jpg\" alt=\"metro_quito_0\" width=\"300\" height=\"181\" srcset=\"https:\/\/www.ecuadoraldia.com.ec\/wp-content\/uploads\/2014\/12\/metro_quito_0-300x181.jpg 300w, https:\/\/www.ecuadoraldia.com.ec\/wp-content\/uploads\/2014\/12\/metro_quito_0.jpg 580w\" sizes=\"(max-width: 300px) 100vw, 300px\" \/><\/a>El presidente de la Rep\u00fablica, Rafael Correa, declar\u00f3 hoy que el Gobierno siempre ha apoyado la ejecuci\u00f3n del proyecto del Metro para Quito.<\/p>\n<p style=\"text-align: justify;\">El Mandatario, que en estos momentos se encuentra en un desayuno con los habitantes del barrio San Juan de Calder\u00f3n (norte de la capital), afirm\u00f3 que ese apoyo es visible.<\/p>\n<p style=\"text-align: justify;\">De hecho, record\u00f3 que en la anterior administraci\u00f3n municipal, a cargo de Augusto Barrera, el r\u00e9gimen estableci\u00f3 su compromiso. Incluso detall\u00f3 que con el exalcalde se estableci\u00f3 la asignaci\u00f3n de $ 750 millones para el financiamiento de la obra.<\/p>\n<p style=\"text-align: justify;\">El presidente indic\u00f3 que, en ese entonces, esa cantidad asignada por el gobierno representaba la mitad del presupuesto total que se ten\u00eda previsto para la construcci\u00f3n. En ese momento, la obra ten\u00eda un valor total de $ 1.500.<\/p>\n<p style=\"text-align: justify;\">Correa reconoci\u00f3 que en esta semana recibi\u00f3 una propuesta por parte del alcalde de Quito, Mauricio Rodas, para financiar la brecha de al menos $ 500 millones que existir\u00eda actualmente para su ejecuci\u00f3n.<\/p>\n<p style=\"text-align: justify;\">Al respecto, se\u00f1al\u00f3 que \u00abel Metro es una tarea de todos\u00bb y que \u00abcada estamento debe asumir su responsabilidad y debe haber coherencia en las acciones, puesto que mientras se rebajan las multas e impuestos (oferta de campa\u00f1a de Rodas), se pide m\u00e1s dinero al Gobierno\u00bb, dijo el Jefe de Estado.<\/p>\n<p style=\"text-align: justify;\">Durante su discurso previo al desayuno, el presidente Correa no aclar\u00f3 cuando dar\u00eda a conocer una respuesta sobre la propuesta municipal.<\/p>\n","protected":false},"excerpt":{"rendered":"<p>El presidente de la Rep\u00fablica, Rafael Correa, declar\u00f3 hoy que el Gobierno siempre ha apoyado la ejecuci\u00f3n del proyecto del<\/p>\n","protected":false},"author":1,"featured_media":0,"comment_status":"open","ping_status":"open","sticky":false,"template":"","format":"standard","meta":{"footnotes":""},"categories":[3],"tags":[],"_links":{"self":[{"href":"https:\/\/www.ecuadoraldia.com.ec\/index.php?rest_route=\/wp\/v2\/posts\/6306"}],"collection":[{"href":"https:\/\/www.ecuadoraldia.com.ec\/index.php?rest_route=\/wp\/v2\/posts"}],"about":[{"href":"https:\/\/www.ecuadoraldia.com.ec\/index.php?rest_route=\/wp\/v2\/types\/post"}],"author":[{"embeddable":true,"href":"https:\/\/www.ecuadoraldia.com.ec\/index.php?rest_route=\/wp\/v2\/users\/1"}],"replies":[{"embeddable":true,"href":"https:\/\/www.ecuadoraldia.com.ec\/index.php?rest_route=%2Fwp%2Fv2%2Fcomments&post=6306"}],"version-history":[{"count":2,"href":"https:\/\/www.ecuadoraldia.com.ec\/index.php?rest_route=\/wp\/v2\/posts\/6306\/revisions"}],"predecessor-version":[{"id":6309,"href":"https:\/\/www.ecuadoraldia.com.ec\/index.php?rest_route=\/wp\/v2\/posts\/6306\/revisions\/6309"}],"wp:attachment":[{"href":"https:\/\/www.ecuadoraldia.com.ec\/index.php?rest_route=%2Fwp%2Fv2%2Fmedia&parent=6306"}],"wp:term":[{"taxonomy":"category","embeddable":true,"href":"https:\/\/www.ecuadoraldia.com.ec\/index.php?rest_route=%2Fwp%2Fv2%2Fcategories&post=6306"},{"taxonomy":"post_tag","embeddable":true,"href":"https:\/\/www.ecuadoraldia.com.ec\/index.php?rest_route=%2Fwp%2Fv2%2Ftags&post=6306"}],"curies":[{"name":"wp","href":"https:\/\/api.w.org\/{rel}","templated":true}]}}