{"id":6310,"date":"2014-12-03T18:18:22","date_gmt":"2014-12-03T18:18:22","guid":{"rendered":"http:\/\/www.ecuadoraldia.com.ec\/?p=6310"},"modified":"2014-12-03T18:18:22","modified_gmt":"2014-12-03T18:18:22","slug":"el-gobierno-de-santos-y-las-farc-se-reunen-a-puerta-cerrada-en-cuba","status":"publish","type":"post","link":"https:\/\/www.ecuadoraldia.com.ec\/?p=6310","title":{"rendered":"El Gobierno de Santos y las FARC se re\u00fanen a puerta cerrada en Cuba"},"content":{"rendered":"<p><a href=\"http:\/\/www.ecuadoraldia.com.ec\/wp-content\/uploads\/2014\/12\/santos_colombia-farc-cuba.jpg\"><img loading=\"lazy\" decoding=\"async\" class=\"alignleft size-medium wp-image-6311\" src=\"http:\/\/www.ecuadoraldia.com.ec\/wp-content\/uploads\/2014\/12\/santos_colombia-farc-cuba-300x200.jpg\" alt=\"santos_colombia farc cuba\" width=\"300\" height=\"200\" srcset=\"https:\/\/www.ecuadoraldia.com.ec\/wp-content\/uploads\/2014\/12\/santos_colombia-farc-cuba-300x200.jpg 300w, https:\/\/www.ecuadoraldia.com.ec\/wp-content\/uploads\/2014\/12\/santos_colombia-farc-cuba.jpg 800w\" sizes=\"(max-width: 300px) 100vw, 300px\" \/><\/a>Delegados del Gobierno de Colombia y de las Fuerzas Armadas Revolucionarias de Colombia (FARC) iniciaron ayer la primera reuni\u00f3n en un mes para reanudar el proceso de paz, 2 d\u00edas despu\u00e9s de la liberaci\u00f3n de un general en poder de los guerrilleros, inform\u00f3 una fuente del equipo oficial.<\/p>\n<p>En la reuni\u00f3n, que puede prolongarse hasta hoy o tomarse m\u00e1s d\u00edas, las partes har\u00e1n una \u201cevaluaci\u00f3n\u201d del proceso de paz iniciado hace 2 a\u00f1os y acordar las condiciones para reanudarlo formalmente, tras ser interrumpido por el gobierno el 16 de noviembre a ra\u00edz de la captura del general Rub\u00e9n Alzate y 2 acompa\u00f1antes.<\/p>\n<p>La sesi\u00f3n a puertas cerradas se desarrolla en \u2018El Laguito\u2019, un complejo de residencias de protocolo donde se hospedan ambas delegaciones de paz en Cuba y no en el Palacio de las Convenciones de La Habana, sede habitual.<\/p>\n<p>La liberaci\u00f3n del general y sus 2 acompa\u00f1antes -entre ellos una mujer- fue exigida por el presidente Juan Manuel Santos para reiniciar el di\u00e1logo, que busca poner fin a un conflicto armado de medio siglo, con m\u00e1s de 220.000 muertos y 5,3 millones de desplazados.<\/p>\n<p>El presidente colombiano, Juan Manuel Santos, expres\u00f3 su optimismo con relaci\u00f3n a la continuaci\u00f3n de las conversaciones.<\/p>\n<p>\u201cEntre m\u00e1s pronto terminemos, m\u00e1s vidas vamos a salvar, m\u00e1s sufrimiento nos vamos a ahorrar, enfatiz\u00f3 tras abogar por acelerar los esfuerzos pacificadores\u201d, explic\u00f3 Santos.<\/p>\n<p>Al referirse a los puntos de la agenda que rigen la mesa de encuentros, coment\u00f3 que restan temas cruciales como la reparaci\u00f3n a las v\u00edctimas de la confrontaci\u00f3n interna, la cual perjudic\u00f3 de forma directa a unos 6 millones de personas.<\/p>\n<p>Hasta ahora los di\u00e1logos han avanzado en 3 de los 6 puntos de la agenda: reforma rural (mayo de 2013), participaci\u00f3n pol\u00edtica (noviembre de 2013) y drogas il\u00edcitas (mayo de 2014).<\/p>\n<p>\u201cCreo que el proceso de paz entra en una etapa de letargo, no solamente por las fiestas de Navidad y Fin de A\u00f1o, sino de manera particular porque las Farc van a sacar partido de la liberaci\u00f3n humanitaria buscando un espacio para negociar un cese al fuego bilateral o un armisticio parcial\u201d, dijo el acad\u00e9mico Jairo Libreros, de la Universidad Externado de Colombia en una entrevista publicada en el peri\u00f3dico online colombiano El Pa\u00eds.<\/p>\n","protected":false},"excerpt":{"rendered":"<p>Delegados del Gobierno de Colombia y de las Fuerzas Armadas Revolucionarias de Colombia (FARC) iniciaron ayer la primera reuni\u00f3n en<\/p>\n","protected":false},"author":1,"featured_media":0,"comment_status":"open","ping_status":"open","sticky":false,"template":"","format":"standard","meta":{"footnotes":""},"categories":[7],"tags":[],"_links":{"self":[{"href":"https:\/\/www.ecuadoraldia.com.ec\/index.php?rest_route=\/wp\/v2\/posts\/6310"}],"collection":[{"href":"https:\/\/www.ecuadoraldia.com.ec\/index.php?rest_route=\/wp\/v2\/posts"}],"about":[{"href":"https:\/\/www.ecuadoraldia.com.ec\/index.php?rest_route=\/wp\/v2\/types\/post"}],"author":[{"embeddable":true,"href":"https:\/\/www.ecuadoraldia.com.ec\/index.php?rest_route=\/wp\/v2\/users\/1"}],"replies":[{"embeddable":true,"href":"https:\/\/www.ecuadoraldia.com.ec\/index.php?rest_route=%2Fwp%2Fv2%2Fcomments&post=6310"}],"version-history":[{"count":1,"href":"https:\/\/www.ecuadoraldia.com.ec\/index.php?rest_route=\/wp\/v2\/posts\/6310\/revisions"}],"predecessor-version":[{"id":6312,"href":"https:\/\/www.ecuadoraldia.com.ec\/index.php?rest_route=\/wp\/v2\/posts\/6310\/revisions\/6312"}],"wp:attachment":[{"href":"https:\/\/www.ecuadoraldia.com.ec\/index.php?rest_route=%2Fwp%2Fv2%2Fmedia&parent=6310"}],"wp:term":[{"taxonomy":"category","embeddable":true,"href":"https:\/\/www.ecuadoraldia.com.ec\/index.php?rest_route=%2Fwp%2Fv2%2Fcategories&post=6310"},{"taxonomy":"post_tag","embeddable":true,"href":"https:\/\/www.ecuadoraldia.com.ec\/index.php?rest_route=%2Fwp%2Fv2%2Ftags&post=6310"}],"curies":[{"name":"wp","href":"https:\/\/api.w.org\/{rel}","templated":true}]}}